
{"id":1208,"date":"2022-06-19T00:00:45","date_gmt":"2022-06-18T22:00:45","guid":{"rendered":"http:\/\/www.paludzka.fara.sk\/?p=1208"},"modified":"2022-06-19T10:42:29","modified_gmt":"2022-06-19T08:42:29","slug":"farske-oznamy-19-6-26-6-2022","status":"publish","type":"post","link":"http:\/\/www.paludzka.fara.sk\/?p=1208","title":{"rendered":"Farsk\u00e9 oznamy 19.6.-26.6.2022"},"content":{"rendered":"<div class=\"table-responsive\">\n<table class=\"table table-bordered\">\n<thead>\n<tr>\n<th style=\"text-align: center;\">De\u0148<\/th>\n<th style=\"text-align: center;\">\u010cas<\/th>\n<th style=\"text-align: center;\">Liturgick\u00fd kalend\u00e1r<\/th>\n<th style=\"text-align: center;\">\u00damysel<\/th>\n<th style=\"text-align: center;\">O\u010dak\u00e1vame<\/th>\n<\/tr>\n<\/thead>\n<tbody>\n<tr>\n<td style=\"text-align: center;\"><strong>Nede\u013ea 19.6.<\/strong><\/td>\n<td style=\"text-align: center;\">7:00<\/p>\n<p><span style=\"color: #000000;\"><strong>8:15<\/strong><\/span><\/p>\n<p><span style=\"color: #000000;\">9:45<\/span><\/td>\n<td style=\"text-align: center;\"><span style=\"color: #008000;\"><b>12. nede\u013ea v Cezro\u010dnom obdob\u00ed<\/b><\/span><\/td>\n<td style=\"text-align: center;\">za veriacich<\/p>\n<p><strong>Bodice:<\/strong> na \u00famysel<\/p>\n<p>na \u00famysel<\/td>\n<td style=\"text-align: center;\">zbierka na ma\u013eovanie kostola v Pal\u00fadzke<\/p>\n<p>a na opravu ve\u017ee kostola v\u00a0Bodiciach<\/td>\n<\/tr>\n<tr>\n<td style=\"text-align: center;\">Pondelok 20.6.<\/td>\n<td style=\"text-align: center;\">18:15<\/td>\n<td style=\"text-align: center;\"><span style=\"color: #808000;\"><span style=\"color: #008000;\">Pondelok 12. t\u00fd\u017ed\u0148a v Cezro\u010dnom obdob\u00ed<\/span><\/span><\/td>\n<td style=\"text-align: center;\">za zdravie a Bo\u017eie po\u017eehnanie pre Mateja a Evu<\/td>\n<td style=\"text-align: center;\"><\/td>\n<\/tr>\n<tr>\n<td style=\"text-align: center;\">Utorok 21.6.<\/td>\n<td style=\"text-align: center;\">18:15<\/td>\n<td style=\"text-align: center;\"><span style=\"color: #808000;\">Sv\u00e4t\u00e9ho Alojza Gonz\u00e1gu, reho\u013en\u00edka<\/span><\/p>\n<p><span style=\"color: #808000;\">spomienka<\/span><\/td>\n<td style=\"text-align: center;\">na \u00famysel Franti\u0161ky<\/td>\n<td style=\"text-align: center;\"><\/td>\n<\/tr>\n<tr>\n<td style=\"text-align: center;\">Streda 22.6.<\/td>\n<td style=\"text-align: center;\">7:00<\/td>\n<td style=\"text-align: center;\"><span style=\"color: #008000;\">Streda 12. t\u00fd\u017ed\u0148a v Cezro\u010dnom obdob\u00ed<\/span><\/td>\n<td style=\"text-align: center;\">+ rodi\u010dia<\/td>\n<td style=\"text-align: center;\"><\/td>\n<\/tr>\n<tr>\n<td style=\"text-align: center;\">\u0160tvrtok 23.6.<\/td>\n<td style=\"text-align: center;\">18:15<\/td>\n<td style=\"text-align: center;\"><span style=\"color: #808000;\">Narodenie sv\u00e4t\u00e9ho J\u00e1na Krstite\u013ea<\/span><\/p>\n<p><span style=\"color: #808000;\">sl\u00e1vnos\u0165<\/span><\/td>\n<td style=\"text-align: center;\">+ M\u00e1ria<\/td>\n<td style=\"text-align: center;\">Ador\u00e1cia od 17:30<\/td>\n<\/tr>\n<tr>\n<td style=\"text-align: center;\">Piatok 24.6.<\/td>\n<td style=\"text-align: center;\"><strong>17:00<\/strong><\/p>\n<p>18:15<\/td>\n<td style=\"text-align: center;\"><span style=\"color: #808000;\">Najsv\u00e4tej\u0161ieho Srdca Je\u017ei\u0161ovho<\/span><\/p>\n<p><span style=\"color: #808000;\">sl\u00e1vnos\u0165<\/span><\/td>\n<td style=\"text-align: center;\"><strong>Bodice:<\/strong> na \u00famysel<\/p>\n<p>za dary Ducha Sv\u00e4t\u00e9ho pre rodinu F\u00e1berov\u00fa<\/td>\n<td style=\"text-align: center;\"><span style=\"color: #ff0000;\">Odprosuj\u00faca pobo\u017enos\u0165<\/span><br \/>\nSvetov\u00fd de\u0148 modlitieb za<br \/>\nposv\u00e4covanie k\u0148azov<\/td>\n<\/tr>\n<tr>\n<td style=\"text-align: center;\">Sobota 25.6.<\/td>\n<td style=\"text-align: center;\">8:00<\/td>\n<td style=\"text-align: center;\"><span style=\"color: #0000ff;\">Nepo\u0161kvrnen\u00e9ho Srdca Preblahoslavenej Panny M\u00e1rie<\/span><\/p>\n<p><span style=\"color: #0000ff;\">spomienka<\/span><\/td>\n<td style=\"text-align: center;\">+ Ferdinand a Irena<\/td>\n<td style=\"text-align: center;\">&nbsp;<\/td>\n<\/tr>\n<tr>\n<td style=\"text-align: center;\"><strong>Nede\u013ea 26.6.<\/strong><\/td>\n<td style=\"text-align: center;\">7:00<\/p>\n<p><span style=\"color: #000000;\"><strong>8:15<\/strong><\/span><\/p>\n<p><span style=\"color: #000000;\">9:45<\/span><\/td>\n<td style=\"text-align: center;\"><span style=\"color: #008000;\"><b>13. nede\u013ea v Cezro\u010dnom obdob\u00ed<\/b><\/span><\/td>\n<td style=\"text-align: center;\">za zdravie man\u017eela<\/p>\n<p><strong>Bodice:<\/strong> na \u00famysel<\/p>\n<p>za veriacich<\/td>\n<td style=\"text-align: center;\">zbierka na dobro\u010dinn\u00e9 diela<\/p>\n<p>Sv\u00e4t\u00e9ho otca<\/td>\n<\/tr>\n<\/tbody>\n<\/table>\n<\/div>\n<div class=\"table-responsive\"><\/div>\n<ul>\n<li>dnes je zbierka na ma\u013eovanie kostola v Pal\u00fadzke a na opravu ve\u017ee kostola v Bodiciach. P\u00e1n Boh zapla\u0165 v\u0161etk\u00fdm darcom.<\/li>\n<li>veriaci, ktor\u00ed sa z\u00fa\u010dastn\u00ed na verejnom recitovan\u00ed modlitby Najmil\u0161\u00ed Je\u017ei\u0161u, predp\u00edsan\u00fa na sl\u00e1vnos\u0165 Najsv\u00e4tej\u0161ieho Srdca Je\u017ei\u0161ovho, m\u00f4\u017ee z\u00edska\u0165 za obvykl\u00fdch podmienok \u00fapln\u00e9 odpustky<\/li>\n<li>Bohuzn\u00e1ma rodina na opravu ve\u017ee kostola v Bodiciach obetovala 300 \u20ac. Novoman\u017eelia \u0160pirecovi darovali na kostol v Bodiciach 100 \u20ac. P\u00e1n Boh zapla\u0165. Rodi\u010dia prvoprij\u00edmaj\u00facich det\u00ed darovali na potreby farnosti 230 \u20ac. Z krstu Patrika Ki\u010dku obetovali na kostol 20 \u20ac. Bohuzn\u00e1ma na ma\u013eovanie kostola v Pal\u00fadzke darovala 50 \u20ac. P\u00e1n Boh odme\u0148 a po\u017eehnaj v\u0161etk\u00fdch darcov.<\/li>\n<li>na bud\u00facu nede\u013eu sa bude kona\u0165 zbierka na dobro\u010dinn\u00e9 diela Sv\u00e4t\u00e9ho otca. Za va\u0161e milodary P\u00e1n boh zapla\u0165.<\/li>\n<li>o upratovanie kostola pros\u00edm rodiny Ra\u010dkov\u00e1, Mra\u010dnov\u00e1, Tk\u00e1\u010dov\u00e1 a Ko\u0161ov\u00e1 . Upratovanie bude v sobotu po sv. om\u0161i. P\u00e1n Boh zapla\u0165 za slu\u017ebu.<\/li>\n<\/ul>\n","protected":false},"excerpt":{"rendered":"<p>De\u0148 \u010cas Liturgick\u00fd kalend\u00e1r \u00damysel O\u010dak\u00e1vame Nede\u013ea 19.6. 7:00 8:15 9:45 12. nede\u013ea v Cezro\u010dnom obdob\u00ed za veriacich Bodice: na \u00famysel na \u00famysel zbierka na ma\u013eovanie kostola v Pal\u00fadzke a na opravu ve\u017ee kostola v\u00a0Bodiciach Pondelok 20.6. 18:15 Pondelok 12. t\u00fd\u017ed\u0148a v Cezro\u010dnom obdob\u00ed za zdravie a Bo\u017eie po\u017eehnanie pre Mateja a Evu Utorok 21.6. [&hellip;]<\/p>\n","protected":false},"author":1,"featured_media":0,"comment_status":"closed","ping_status":"closed","sticky":false,"template":"","format":"standard","meta":{"_links_to":"","_links_to_target":""},"categories":[4,19],"tags":[],"_links":{"self":[{"href":"http:\/\/www.paludzka.fara.sk\/index.php?rest_route=\/wp\/v2\/posts\/1208"}],"collection":[{"href":"http:\/\/www.paludzka.fara.sk\/index.php?rest_route=\/wp\/v2\/posts"}],"about":[{"href":"http:\/\/www.paludzka.fara.sk\/index.php?rest_route=\/wp\/v2\/types\/post"}],"author":[{"embeddable":true,"href":"http:\/\/www.paludzka.fara.sk\/index.php?rest_route=\/wp\/v2\/users\/1"}],"replies":[{"embeddable":true,"href":"http:\/\/www.paludzka.fara.sk\/index.php?rest_route=%2Fwp%2Fv2%2Fcomments&post=1208"}],"version-history":[{"count":2,"href":"http:\/\/www.paludzka.fara.sk\/index.php?rest_route=\/wp\/v2\/posts\/1208\/revisions"}],"predecessor-version":[{"id":1228,"href":"http:\/\/www.paludzka.fara.sk\/index.php?rest_route=\/wp\/v2\/posts\/1208\/revisions\/1228"}],"wp:attachment":[{"href":"http:\/\/www.paludzka.fara.sk\/index.php?rest_route=%2Fwp%2Fv2%2Fmedia&parent=1208"}],"wp:term":[{"taxonomy":"category","embeddable":true,"href":"http:\/\/www.paludzka.fara.sk\/index.php?rest_route=%2Fwp%2Fv2%2Fcategories&post=1208"},{"taxonomy":"post_tag","embeddable":true,"href":"http:\/\/www.paludzka.fara.sk\/index.php?rest_route=%2Fwp%2Fv2%2Ftags&post=1208"}],"curies":[{"name":"wp","href":"https:\/\/api.w.org\/{rel}","templated":true}]}}