
{"id":1193,"date":"2022-06-12T00:00:15","date_gmt":"2022-06-11T22:00:15","guid":{"rendered":"http:\/\/www.paludzka.fara.sk\/?p=1193"},"modified":"2022-06-19T10:33:38","modified_gmt":"2022-06-19T08:33:38","slug":"farske-oznamy-12-6-19-6-2022","status":"publish","type":"post","link":"http:\/\/www.paludzka.fara.sk\/?p=1193","title":{"rendered":"Farsk\u00e9 oznamy 12.6.-19.6.2022"},"content":{"rendered":"<div class=\"table-responsive\">\n<table class=\"table table-bordered\">\n<thead>\n<tr>\n<th style=\"text-align: center;\">De\u0148<\/th>\n<th style=\"text-align: center;\">\u010cas<\/th>\n<th style=\"text-align: center;\">Liturgick\u00fd kalend\u00e1r<\/th>\n<th style=\"text-align: center;\">\u00damysel<\/th>\n<th style=\"text-align: center;\">O\u010dak\u00e1vame<\/th>\n<\/tr>\n<\/thead>\n<tbody>\n<tr>\n<td style=\"text-align: center;\"><strong>Nede\u013ea 12.6.<\/strong><\/td>\n<td style=\"text-align: center;\">7:00<\/p>\n<p><span style=\"color: #000000;\"><strong>8:15<\/strong><\/span><\/p>\n<p><span style=\"color: #ff0000;\"><strong>10:00<\/strong><\/span><\/td>\n<td style=\"text-align: center;\"><strong><span style=\"color: #808000;\">Najsv\u00e4tej\u0161ej trojice <\/span><\/strong><\/p>\n<p><span style=\"color: #808000;\">sl\u00e1vnos\u0165<\/span><\/td>\n<td style=\"text-align: center;\">za veriacich<\/p>\n<p><strong>Bodice:<\/strong> na \u00famysel<\/p>\n<p>za prvoprij\u00edmaj\u00face deti a ich rodi\u010dov<\/td>\n<td style=\"text-align: center;\">Sl\u00e1vnos\u0165 1. sv. pr\u00edj\u00edmania 10:00<\/td>\n<\/tr>\n<tr>\n<td style=\"text-align: center;\">Pondelok 13.6.<\/td>\n<td style=\"text-align: center;\">18:15<\/td>\n<td style=\"text-align: center;\"><span style=\"color: #808000;\">Sv\u00e4t\u00e9ho Antona Padu\u00e1nskeho, k\u0148aza a u\u010dite\u013ea Cirkvi<\/span><\/p>\n<p><span style=\"color: #808000;\">spomienka<\/span><\/td>\n<td style=\"text-align: center;\">za zdravie a Bo\u017eiu ochranu pre Jozefa<\/td>\n<td style=\"text-align: center;\"><\/td>\n<\/tr>\n<tr>\n<td style=\"text-align: center;\">Utorok 14.6.<\/td>\n<td style=\"text-align: center;\">18:15<\/td>\n<td style=\"text-align: center;\"><span style=\"color: #008000;\">Utorok 11. t\u00fd\u017ed\u0148a v Cezro\u010dnom obdob\u00ed<\/span><\/td>\n<td style=\"text-align: center;\">+ J\u00falius a Gabriela<\/td>\n<td style=\"text-align: center;\"><\/td>\n<\/tr>\n<tr>\n<td style=\"text-align: center;\">Streda 15.6.<\/td>\n<td style=\"text-align: center;\">18:15<\/td>\n<td style=\"text-align: center;\"><span style=\"color: #008000;\">Streda 11. t\u00fd\u017ed\u0148a v Cezro\u010dnom obdob\u00ed<\/span><\/p>\n<p><span style=\"color: #808000;\">Ve\u010dern\u00e1 sv. om\u0161a je z\u00a0nasleduj\u00facej sl\u00e1vnosti<\/span><\/td>\n<td style=\"text-align: center;\">+ z rodiny<\/td>\n<td style=\"text-align: center;\"><\/td>\n<\/tr>\n<tr>\n<td style=\"text-align: center;\">\u0160tvrtok 16.6.<\/td>\n<td style=\"text-align: center;\"><strong>17:00<\/strong><\/p>\n<p>18:15<\/td>\n<td style=\"text-align: center;\"><span style=\"color: #808000;\"><strong>Najsv\u00e4tej\u0161ieho Kristovho Tela a Krvi<\/strong><\/span><\/p>\n<p><span style=\"color: #808000;\">sl\u00e1vnos\u0165<\/span><\/p>\n<p><span style=\"color: #ff0000;\">Prik\u00e1zan\u00fd sviatok<\/span><\/td>\n<td style=\"text-align: center;\"><strong>Bodice:\u00a0<\/strong>&#8211;<\/p>\n<p>+ O\u013ega<\/td>\n<td style=\"text-align: center;\"><span style=\"color: #ff0000;\">Eucharistick\u00e1 procesia a po\u017eehnanie <\/span><\/p>\n<p><span style=\"color: #ff0000;\">po sv. om\u0161i v Pal\u00fadzke<\/span><\/p>\n<p>za obvykl\u00fdch podmienok<\/p>\n<p>je mo\u017en\u00e9 z\u00edska\u0165 \u00fapln\u00e9 odpustky<\/td>\n<\/tr>\n<tr>\n<td style=\"text-align: center;\">Piatok 17.6.<\/td>\n<td style=\"text-align: center;\">18:15<\/td>\n<td style=\"text-align: center;\"><span style=\"color: #008000;\">Piatok 11. t\u00fd\u017ed\u0148a v Cezro\u010dnom obdob\u00ed<\/span><\/td>\n<td style=\"text-align: center;\">+ Andrea, Daniel a Marek<\/td>\n<td style=\"text-align: center;\"><\/td>\n<\/tr>\n<tr>\n<td style=\"text-align: center;\">Sobota 18.6.<\/td>\n<td style=\"text-align: center;\">8:00<\/td>\n<td style=\"text-align: center;\"><span style=\"color: #0000ff;\">Preblahoslavenej Panny M\u00e1rie<\/span><\/p>\n<p><span style=\"color: #0000ff;\">\u013eubovo\u013en\u00e1 spomienka<\/span><\/td>\n<td style=\"text-align: center;\">za rodinu S\u00e1lusov\u00fa<\/td>\n<td style=\"text-align: center;\">\u0160portov\u00e9 popoludnie pre deti vo<\/p>\n<p>farskej z\u00e1hrade o\u00a012:30<\/td>\n<\/tr>\n<tr>\n<td style=\"text-align: center;\"><strong>Nede\u013ea 19.6.<\/strong><\/td>\n<td style=\"text-align: center;\">7:00<\/p>\n<p><span style=\"color: #000000;\"><strong>8:15<\/strong><\/span><\/p>\n<p><strong><span style=\"color: #ff0000;\">9:45<\/span><\/strong><\/td>\n<td style=\"text-align: center;\"><span style=\"color: #008000;\"><span style=\"color: #808000;\"><b>12. nede\u013ea v Cezro\u010dnom obdob\u00ed<\/b><\/span><\/span><\/td>\n<td style=\"text-align: center;\">na \u00famysel<\/p>\n<p><strong>Bodice:<\/strong> na \u00famysel<\/p>\n<p>za veriacich<\/td>\n<td style=\"text-align: center;\">zbierka na ma\u013eovanie kostola v Pal\u00fadzke<\/p>\n<p>a na opravu ve\u017ee kostola v\u00a0Bodiciach<\/td>\n<\/tr>\n<\/tbody>\n<\/table>\n<\/div>\n<div class=\"table-responsive\"><\/div>\n<ul>\n<li>na konci sv. om\u0161e po\u010das prik\u00e1zan\u00e9ho sviatku Najsv\u00e4tej\u0161ieho Kristovho Tela a Krvi pl\u00e1nujeme v pr\u00edpade priazniv\u00e9ho po\u010dasia procesiu okolo kostola. Deti pros\u00edm, aby si pripravili lupienky kvetov, ktor\u00e9 bud\u00fa rozs\u00fdpa\u0165 P\u00e1nu Je\u017ei\u0161ovi po\u010das procesie.<\/li>\n<li>v sobotu 18.6.2022 o 12:30 poz\u00fdvame deti do farskej z\u00e1hrady na \u0161portov\u00e9 popoludnie.<\/li>\n<li>na bud\u00facu nede\u013eu bude zbierka na ma\u013eovanie kostola v Pal\u00fadzke a na opravu ve\u017ee kostola v Bodiciach. P\u00e1n Boh zapla\u0165 v\u0161etk\u00fdm darcom.<\/li>\n<li>na ma\u013eovanie kostola v Pal\u00fadzke Bohuzn\u00e1my daroval 20 \u20ac a Bohuzn\u00e1me zo Zuberca 400 \u20ac. P\u00e1n Boh zapla\u0165.<\/li>\n<li>o upratovanie kostola pros\u00edm rodiny Ku\u010derov\u00fa, J\u00e1no\u0161\u00edkov\u00fa, Adam\u010diakov\u00fa J.. Upratovanie bude v sobotu po sv. om\u0161i. P\u00e1n Boh zapla\u0165 za slu\u017ebu.<\/li>\n<\/ul>\n","protected":false},"excerpt":{"rendered":"<p>De\u0148 \u010cas Liturgick\u00fd kalend\u00e1r \u00damysel O\u010dak\u00e1vame Nede\u013ea 12.6. 7:00 8:15 10:00 Najsv\u00e4tej\u0161ej trojice sl\u00e1vnos\u0165 za veriacich Bodice: na \u00famysel za prvoprij\u00edmaj\u00face deti a ich rodi\u010dov Sl\u00e1vnos\u0165 1. sv. pr\u00edj\u00edmania 10:00 Pondelok 13.6. 18:15 Sv\u00e4t\u00e9ho Antona Padu\u00e1nskeho, k\u0148aza a u\u010dite\u013ea Cirkvi spomienka za zdravie a Bo\u017eiu ochranu pre Jozefa Utorok 14.6. 18:15 Utorok 11. t\u00fd\u017ed\u0148a v [&hellip;]<\/p>\n","protected":false},"author":1,"featured_media":0,"comment_status":"closed","ping_status":"closed","sticky":false,"template":"","format":"standard","meta":{"_links_to":"","_links_to_target":""},"categories":[4,19],"tags":[],"_links":{"self":[{"href":"http:\/\/www.paludzka.fara.sk\/index.php?rest_route=\/wp\/v2\/posts\/1193"}],"collection":[{"href":"http:\/\/www.paludzka.fara.sk\/index.php?rest_route=\/wp\/v2\/posts"}],"about":[{"href":"http:\/\/www.paludzka.fara.sk\/index.php?rest_route=\/wp\/v2\/types\/post"}],"author":[{"embeddable":true,"href":"http:\/\/www.paludzka.fara.sk\/index.php?rest_route=\/wp\/v2\/users\/1"}],"replies":[{"embeddable":true,"href":"http:\/\/www.paludzka.fara.sk\/index.php?rest_route=%2Fwp%2Fv2%2Fcomments&post=1193"}],"version-history":[{"count":2,"href":"http:\/\/www.paludzka.fara.sk\/index.php?rest_route=\/wp\/v2\/posts\/1193\/revisions"}],"predecessor-version":[{"id":1209,"href":"http:\/\/www.paludzka.fara.sk\/index.php?rest_route=\/wp\/v2\/posts\/1193\/revisions\/1209"}],"wp:attachment":[{"href":"http:\/\/www.paludzka.fara.sk\/index.php?rest_route=%2Fwp%2Fv2%2Fmedia&parent=1193"}],"wp:term":[{"taxonomy":"category","embeddable":true,"href":"http:\/\/www.paludzka.fara.sk\/index.php?rest_route=%2Fwp%2Fv2%2Fcategories&post=1193"},{"taxonomy":"post_tag","embeddable":true,"href":"http:\/\/www.paludzka.fara.sk\/index.php?rest_route=%2Fwp%2Fv2%2Ftags&post=1193"}],"curies":[{"name":"wp","href":"https:\/\/api.w.org\/{rel}","templated":true}]}}