
{"id":1152,"date":"2022-06-05T00:00:16","date_gmt":"2022-06-04T22:00:16","guid":{"rendered":"http:\/\/www.paludzka.fara.sk\/?p=1152"},"modified":"2022-06-04T23:36:29","modified_gmt":"2022-06-04T21:36:29","slug":"farske-oznamy-5-6-12-6-2022","status":"publish","type":"post","link":"http:\/\/www.paludzka.fara.sk\/?p=1152","title":{"rendered":"Farsk\u00e9 oznamy 5.6.-12.6.2022"},"content":{"rendered":"<div class=\"table-responsive\">\n<table class=\"table table-bordered\">\n<thead>\n<tr>\n<th style=\"text-align: center;\">De\u0148<\/th>\n<th style=\"text-align: center;\">\u010cas<\/th>\n<th style=\"text-align: center;\">Liturgick\u00fd kalend\u00e1r<\/th>\n<th style=\"text-align: center;\">\u00damysel<\/th>\n<th style=\"text-align: center;\">O\u010dak\u00e1vame<\/th>\n<\/tr>\n<\/thead>\n<tbody>\n<tr>\n<td style=\"text-align: center;\"><strong>Nede\u013ea 5.6.<\/strong><\/td>\n<td style=\"text-align: center;\">7:00<\/p>\n<p><span style=\"color: #000000;\"><strong>8:15<\/strong><\/span><\/p>\n<p><span style=\"color: #000000;\">9:45<\/span><\/td>\n<td style=\"text-align: center;\"><strong><span style=\"color: #ff0000;\">Zoslanie Ducha Sv\u00e4t\u00e9ho<\/span><\/strong><\/p>\n<p><span style=\"color: #ff0000;\">sl\u00e1vnos\u0165<\/span><\/td>\n<td style=\"text-align: center;\">za veriacich<\/p>\n<p><strong>Bodice:<\/strong> na \u00famysel<\/p>\n<p>+ Vendel\u00edn<\/td>\n<td style=\"text-align: center;\"><\/td>\n<\/tr>\n<tr>\n<td style=\"text-align: center;\">Pondelok 6.6.<\/td>\n<td style=\"text-align: center;\">18:15<\/td>\n<td style=\"text-align: center;\"><span style=\"color: #ff0000;\">O Duchu Sv\u00e4tom <\/span><\/p>\n<p><span style=\"color: #ff0000;\">vot\u00edvna sv\u00e4t\u00e1 om\u0161a<\/span><\/td>\n<td style=\"text-align: center;\">za zdravie a Bo\u017eie po\u017eehnanie pre<br \/>\nrodinu \u010cajov\u00fa<\/td>\n<td style=\"text-align: center;\">Sviatos\u0165 zmierenia od 17:45<\/td>\n<\/tr>\n<tr>\n<td style=\"text-align: center;\">Utorok 7.6.<\/td>\n<td style=\"text-align: center;\">18:15<\/td>\n<td style=\"text-align: center;\"><span style=\"color: #008000;\">Utorok 10. t\u00fd\u017ed\u0148a v Cezro\u010dnom obdob\u00ed<\/span><\/td>\n<td style=\"text-align: center;\">za Bo\u017eiu pomoc pre Anny<\/td>\n<td style=\"text-align: center;\">Sviatos\u0165 zmierenia od 17:45<\/td>\n<\/tr>\n<tr>\n<td style=\"text-align: center;\">Streda 8.6.<\/td>\n<td style=\"text-align: center;\">7:00<\/td>\n<td style=\"text-align: center;\"><span style=\"color: #008000;\">Streda 10. t\u00fd\u017ed\u0148a v Cezro\u010dnom obdob\u00ed<\/span><\/td>\n<td style=\"text-align: center;\">na \u00famysel Franti\u0161ky<\/td>\n<td style=\"text-align: center;\"><\/td>\n<\/tr>\n<tr>\n<td style=\"text-align: center;\">\u0160tvrtok 9.6.<\/td>\n<td style=\"text-align: center;\">18:15<\/td>\n<td style=\"text-align: center;\"><span style=\"color: #808000;\">N\u00e1\u0161ho P\u00e1na Je\u017ei\u0161a Krista, najvy\u0161\u0161ieho a ve\u010dn\u00e9ho k\u0148aza <\/span><\/p>\n<p><span style=\"color: #808000;\">sviatok<\/span><\/td>\n<td style=\"text-align: center;\">+ Milo\u0161, Igor a O\u013ega<\/td>\n<td style=\"text-align: center;\">Ador\u00e1cia od 17:30<\/p>\n<p>Sviatos\u0165 zmierenia od 17:30<\/td>\n<\/tr>\n<tr>\n<td style=\"text-align: center;\">Piatok 10.6.<\/td>\n<td style=\"text-align: center;\">18:15<\/td>\n<td style=\"text-align: center;\"><span style=\"color: #008000;\">Piatok 10. t\u00fd\u017ed\u0148a v Cezro\u010dnom obdob\u00ed<\/span><\/td>\n<td style=\"text-align: center;\">za obr\u00e1tenie man\u017eela a Bo\u017eie po\u017eehnanie a\u00a0pokoj v rodine<\/td>\n<td style=\"text-align: center;\"><span style=\"color: #ff0000;\">N\u00e1cvik na 1. sv. prij\u00edmanie po sv. om\u0161i vo farskom kostole v Pal\u00fadzke<\/span><\/td>\n<\/tr>\n<tr>\n<td style=\"text-align: center;\">Sobota 11.6.<\/td>\n<td style=\"text-align: center;\">8:00<\/td>\n<td style=\"text-align: center;\"><span style=\"color: #ff0000;\">Sv\u00e4t\u00e9ho Barnab\u00e1\u0161a, apo\u0161tola <\/span><\/p>\n<p><span style=\"color: #ff0000;\">spomienka<\/span><\/td>\n<td style=\"text-align: center;\">+ Rudolf<\/p>\n<p><strong>Bodice: sob\u00e1\u0161ny obrad<\/strong><\/td>\n<td style=\"text-align: center;\">Sviatos\u0165 zmierenia prvoprij\u00edmaj\u00face deti od 08:45<br \/>\nUpratovanie kostola od 10:45 \u2013<br \/>\nrodi\u010dia prvoprij\u00edmaj\u00facich det\u00ed<\/td>\n<\/tr>\n<tr>\n<td style=\"text-align: center;\"><strong>Nede\u013ea 12.6.<\/strong><\/td>\n<td style=\"text-align: center;\">7:00<\/p>\n<p><span style=\"color: #000000;\"><strong>8:15<\/strong><\/span><\/p>\n<p><strong><span style=\"color: #ff0000;\">10:00<\/span><\/strong><\/td>\n<td style=\"text-align: center;\"><strong><span style=\"color: #808000;\">Najsv\u00e4tej\u0161ej trojice <\/span><\/strong><\/p>\n<p><span style=\"color: #808000;\">sl\u00e1vnos\u0165<\/span><\/td>\n<td style=\"text-align: center;\">za veriacich<\/p>\n<p><strong>Bodice:<\/strong> na \u00famysel<\/p>\n<p>za prvoprij\u00edmaj\u00face deti a rodi\u010dov<\/td>\n<td style=\"text-align: center;\">Sl\u00e1vnos\u0165 1. sv. pr\u00edj\u00edmania<br \/>\n10:00<\/td>\n<\/tr>\n<\/tbody>\n<\/table>\n<\/div>\n<div class=\"table-responsive\"><\/div>\n<ul>\n<li>veriaci, ktor\u00ed sa z\u00fa\u010dastn\u00ed na verejnom speve alebo recitovan\u00ed hymnu Veni, Creator na sl\u00e1vnos\u0165 Zoslania Ducha Sv\u00e4t\u00e9ho, m\u00f4\u017ee za obvykl\u00fdch podmienok z\u00edska\u0165 \u00fapln\u00e9 odpustky.<\/li>\n<li>dne\u0161nou nede\u013eou kon\u010di Ve\u013ekono\u010dn\u00e9 obdobie. Od zajtra sa modl\u00edme Anjel P\u00e1na.<\/li>\n<li>pokra\u010dujeme v deviatniku pred 1. sv. prij\u00edman\u00edm. Poz\u00fdvam det\u00ed a rodi\u010dov.<\/li>\n<li>sviatos\u0165 zmierenia m\u00f4\u017eu rodi\u010dia, krstn\u00fd rodi\u010dia, star\u00ed rodi\u010dia prija\u0165 v t\u00fd\u017edni pred sv. om\u0161ami. Prvopr\u00edj\u00edmaj\u00face deti budem spoveda\u0165 v sobotu od 8:45.<\/li>\n<li>\u00faprimn\u00e9 P\u00e1n Boh zapla\u0165 v\u0161etk\u00fdm, ktor\u00ed pomohli pri ma\u013eovan\u00ed a upratovan\u00ed ch\u00f3ra vo farskom kostole v Pal\u00fadzke. Nech v\u00e1s za to dobrotiv\u00fd P\u00e1n Boh odmen\u00ed a po\u017eehn\u00e1.<\/li>\n<li>z krstu Lucasa Kajanovi\u010da na kostol obetovali 100 \u20ac, z krstu Adely Z\u00e1hradn\u00edkovej na kostol darovali 50 \u20ac. Z pohrebu Ireny Petr\u00e1\u0161ovej na kostol darovali 100 \u20ac.<\/li>\n<li>na opravu ve\u017ee kostola v Bodiciach darovali 40 a 50 \u20ac.<\/li>\n<li>v zbierke na katol\u00edcke masm\u00e9dia sme prispeli 285 \u20ac. Z toho 50 \u20ac prispelo ru\u017eencov\u00e9 spolo\u010denstvo. P\u00e1n Boh po\u017eehnaj a odme\u0148 v\u0161etk\u00fdch darcov.<\/li>\n<li>o upratovanie a v\u00fdzdobu kostola pros\u00edm rodi\u010dov prvoprij\u00edmaj\u00fach det\u00ed. Upratovanie bude v sobotu o 10:45. P\u00e1n Boh zapla\u0165 za slu\u017ebu.<\/li>\n<\/ul>\n","protected":false},"excerpt":{"rendered":"<p>De\u0148 \u010cas Liturgick\u00fd kalend\u00e1r \u00damysel O\u010dak\u00e1vame Nede\u013ea 5.6. 7:00 8:15 9:45 Zoslanie Ducha Sv\u00e4t\u00e9ho sl\u00e1vnos\u0165 za veriacich Bodice: na \u00famysel + Vendel\u00edn Pondelok 6.6. 18:15 O Duchu Sv\u00e4tom vot\u00edvna sv\u00e4t\u00e1 om\u0161a za zdravie a Bo\u017eie po\u017eehnanie pre rodinu \u010cajov\u00fa Sviatos\u0165 zmierenia od 17:45 Utorok 7.6. 18:15 Utorok 10. t\u00fd\u017ed\u0148a v Cezro\u010dnom obdob\u00ed za Bo\u017eiu pomoc [&hellip;]<\/p>\n","protected":false},"author":1,"featured_media":0,"comment_status":"closed","ping_status":"closed","sticky":false,"template":"","format":"standard","meta":{"_links_to":"","_links_to_target":""},"categories":[4,19],"tags":[],"_links":{"self":[{"href":"http:\/\/www.paludzka.fara.sk\/index.php?rest_route=\/wp\/v2\/posts\/1152"}],"collection":[{"href":"http:\/\/www.paludzka.fara.sk\/index.php?rest_route=\/wp\/v2\/posts"}],"about":[{"href":"http:\/\/www.paludzka.fara.sk\/index.php?rest_route=\/wp\/v2\/types\/post"}],"author":[{"embeddable":true,"href":"http:\/\/www.paludzka.fara.sk\/index.php?rest_route=\/wp\/v2\/users\/1"}],"replies":[{"embeddable":true,"href":"http:\/\/www.paludzka.fara.sk\/index.php?rest_route=%2Fwp%2Fv2%2Fcomments&post=1152"}],"version-history":[{"count":2,"href":"http:\/\/www.paludzka.fara.sk\/index.php?rest_route=\/wp\/v2\/posts\/1152\/revisions"}],"predecessor-version":[{"id":1156,"href":"http:\/\/www.paludzka.fara.sk\/index.php?rest_route=\/wp\/v2\/posts\/1152\/revisions\/1156"}],"wp:attachment":[{"href":"http:\/\/www.paludzka.fara.sk\/index.php?rest_route=%2Fwp%2Fv2%2Fmedia&parent=1152"}],"wp:term":[{"taxonomy":"category","embeddable":true,"href":"http:\/\/www.paludzka.fara.sk\/index.php?rest_route=%2Fwp%2Fv2%2Fcategories&post=1152"},{"taxonomy":"post_tag","embeddable":true,"href":"http:\/\/www.paludzka.fara.sk\/index.php?rest_route=%2Fwp%2Fv2%2Ftags&post=1152"}],"curies":[{"name":"wp","href":"https:\/\/api.w.org\/{rel}","templated":true}]}}