
{"id":1074,"date":"2022-05-29T00:00:30","date_gmt":"2022-05-28T22:00:30","guid":{"rendered":"http:\/\/www.paludzka.fara.sk\/?p=1074"},"modified":"2022-06-04T23:21:31","modified_gmt":"2022-06-04T21:21:31","slug":"farske-oznamy-22-5-29-5-2022-2","status":"publish","type":"post","link":"http:\/\/www.paludzka.fara.sk\/?p=1074","title":{"rendered":"Farsk\u00e9 oznamy 29.5.-5.6.2022"},"content":{"rendered":"<div class=\"table-responsive\">\n<table class=\"table table-bordered\">\n<thead>\n<tr>\n<th style=\"text-align: center;\">De\u0148<\/th>\n<th style=\"text-align: center;\">\u010cas<\/th>\n<th style=\"text-align: center;\">Liturgick\u00fd kalend\u00e1r<\/th>\n<th style=\"text-align: center;\">\u00damysel<\/th>\n<th style=\"text-align: center;\">O\u010dak\u00e1vame<\/th>\n<\/tr>\n<\/thead>\n<tbody>\n<tr>\n<td style=\"text-align: center;\"><strong>Nede\u013ea 29.5.<\/strong><\/td>\n<td style=\"text-align: center;\">7:00<\/p>\n<p><span style=\"color: #000000;\"><strong>8:15<\/strong><\/span><\/p>\n<p><span style=\"color: #000000;\">9:45<\/span><\/td>\n<td style=\"text-align: center;\"><span style=\"color: #808000;\"><strong>7. ve\u013ekono\u010dn\u00e1 nede\u013ea<\/strong><\/span><\/td>\n<td style=\"text-align: center;\">za rodi\u010dov Panietov\u00fdch s rodinou<\/p>\n<p><strong>Bodice:<\/strong> na \u00famysel<\/p>\n<p>za veriacich<\/td>\n<td style=\"text-align: center;\"><span style=\"color: #ff0000;\">Farsk\u00e1 poklona od 10:30 do 15:00<\/span><br \/>\n<span style=\"color: #ff0000;\">Zbierka na katol\u00edcke masm\u00e9dia<\/span><br \/>\n56. Svetov\u00fd de\u0148 spolo\u010densk\u00fdch<br \/>\nkomunika\u010dn\u00fdch prostriedkov<\/td>\n<\/tr>\n<tr>\n<td style=\"text-align: center;\">Pondelok 30.5.<\/td>\n<td style=\"text-align: center;\">18:15<\/td>\n<td style=\"text-align: center;\"><span style=\"color: #808000;\">Pondelok po 7. ve\u013ekono\u010dnej nedeli<\/span><\/td>\n<td style=\"text-align: center;\">+ Ondrej<\/td>\n<td style=\"text-align: center;\">Sviatos\u0165 zmierenia od 17:30<\/td>\n<\/tr>\n<tr>\n<td style=\"text-align: center;\">Utorok 31.5.<\/td>\n<td style=\"text-align: center;\">18:15<\/td>\n<td style=\"text-align: center;\"><span style=\"color: #808000;\">Utorok po 7. ve\u013ekono\u010dnej nedeli<\/span><\/td>\n<td style=\"text-align: center;\">+ Peter. Miroslav, Vlastimil a Hanka<\/td>\n<td style=\"text-align: center;\">Sviatos\u0165 zmierenia od 17:30<\/td>\n<\/tr>\n<tr>\n<td style=\"text-align: center;\">Streda 1.6.<\/td>\n<td style=\"text-align: center;\">7:00<\/td>\n<td style=\"text-align: center;\"><span style=\"color: #ff0000;\">Sv\u00e4t\u00e9ho Just\u00edna, mu\u010den\u00edka<\/span><\/p>\n<p><span style=\"color: #ff0000;\">spomienka<\/span><\/td>\n<td style=\"text-align: center;\">po\u010fakovanie za \u0161t\u00fadium<\/td>\n<td style=\"text-align: center;\"><\/td>\n<\/tr>\n<tr>\n<td style=\"text-align: center;\">\u0160tvrtok 2.6.<\/td>\n<td style=\"text-align: center;\"><em>9:00<\/em><\/p>\n<p>18:15<\/td>\n<td style=\"text-align: center;\"><span style=\"color: #808000;\">Za duchovn\u00e9 povolania<\/span><\/td>\n<td style=\"text-align: center;\"><strong>DSS:<\/strong> na \u00famysel<\/p>\n<p>za za\u0165a, dc\u00e9ru a vn\u00fa\u010dat\u00e1<\/td>\n<td style=\"text-align: center;\">Ador\u00e1cia od 17:30 \u2013 za duchovn\u00e9 povolania<\/p>\n<p>Sviatos\u0165 zmierenia od 17:30<\/td>\n<\/tr>\n<tr>\n<td style=\"text-align: center;\">Piatok 3.6.<\/td>\n<td style=\"text-align: center;\"><strong>17:00<\/strong><\/p>\n<p>18:15<\/td>\n<td style=\"text-align: center;\"><span style=\"color: #808000;\">O Najsv\u00e4tej\u0161om Srdci Je\u017ei\u0161ovom<\/span><\/p>\n<p><span style=\"color: #ff0000;\">Prv\u00fd piatok<\/span><\/td>\n<td style=\"text-align: center;\"><strong>Bodice:<\/strong> na \u00famysel<\/p>\n<p>+ Celest\u00edn, Silvia a rodi\u010dia<\/td>\n<td style=\"text-align: center;\">N\u00e1v\u0161teva chor\u00fdch od 8:00<\/p>\n<p><strong>Sviatos\u0165 zmierenia &#8211; Bodice od 16:15<\/strong><\/p>\n<p><span style=\"color: #339966;\">Za\u010d\u00edname deviatnik pred 1. sv. prij\u00edman\u00edm<\/span><\/p>\n<p><span style=\"color: #ff0000;\">N\u00e1cvik na 1. sv. prij\u00edmanie po sv. om\u0161i vo farskom kostole v Pal\u00fadzke<\/span><\/td>\n<\/tr>\n<tr>\n<td style=\"text-align: center;\">Sobota 4.6.<\/td>\n<td style=\"text-align: center;\">8:00<\/td>\n<td style=\"text-align: center;\"><span style=\"color: #0000ff;\">O Nepo\u0161kvrnenom Srdci Panny M\u00e1rie<\/span><\/td>\n<td style=\"text-align: center;\">za zdravie a Bo\u017eie po\u017eehnanie pre rodinu Domi\u0148\u00e1kov\u00fa<\/td>\n<td style=\"text-align: center;\">Fatimsk\u00e1 pobo\u017enos\u0165 o 7:30<\/td>\n<\/tr>\n<tr>\n<td style=\"text-align: center;\"><strong>Nede\u013ea 5.6.<\/strong><\/td>\n<td style=\"text-align: center;\">7:00<\/p>\n<p><span style=\"color: #000000;\"><strong>8:15<\/strong><\/span><\/p>\n<p><span style=\"color: #000000;\">9:45<\/span><\/td>\n<td style=\"text-align: center;\"><strong><span style=\"color: #ff0000;\">Zoslanie Ducha Sv\u00e4t\u00e9ho<\/span><\/strong><\/p>\n<p><span style=\"color: #ff0000;\">sl\u00e1vnos\u0165<\/span><\/td>\n<td style=\"text-align: center;\">na \u00famysel ordin\u00e1ra<\/p>\n<p><strong>Bodice:<\/strong> na \u00famysel<\/p>\n<p>za veriacich<\/td>\n<td style=\"text-align: center;\"><\/td>\n<\/tr>\n<\/tbody>\n<\/table>\n<\/div>\n<div class=\"table-responsive\"><\/div>\n<ul>\n<li>dnes je v na\u0161ej farnosti farsk\u00e1 poklona do 15:00. N\u00e1jdime si \u010das na stretnutie s Eucharistick\u00fdm Kristom<\/li>\n<li>dnes je zbierka na katol\u00edcke masm\u00e9dia. P\u00e1n Boh zapla\u0165 v\u0161etk\u00fdm darcom.<\/li>\n<li>v pondelok po sv. om\u0161i budem zapisova\u0165 \u00famysly sv. om\u0161\u00ed na mesiac j\u00fan.<\/li>\n<li>na bud\u00faci t\u00fd\u017ede\u0148 v stredu, piatok a sobotu s\u00fa letn\u00e9 k\u00e1ntrov\u00e9 dni. Z\u00e1v\u00e4zn\u00fd je v\u0161ak iba jeden de\u0148. Obsahom letn\u00fdch k\u00e1ntrov\u00fdch dn\u00ed: prosby za jednotu kres\u0165anov alebo za duchovn\u00e9 povolania.<\/li>\n<li>veriaci, ktor\u00ed sa z\u00fa\u010dastn\u00ed na verejnom speve alebo recitovan\u00ed hymnu Veni, Creator na sl\u00e1vnos\u0165 Zoslania Ducha Sv\u00e4t\u00e9ho, m\u00f4\u017ee za obvykl\u00fdch podmienok z\u00edska\u0165 \u00fapln\u00e9 odpustky.<\/li>\n<li>na ma\u013eovanie kostola obetovali Bohuzn\u00e1me rodiny 300, 100 a 50 \u20ac. P\u00e1n Boh zapla\u0165.<\/li>\n<li>\u00faprimn\u00e9 P\u00e1n Boh zapla\u0165 p\u00e1novi Domi\u0148\u00e1kovi z Rab\u010de, ktor\u00fd n\u00e1m sponzorsky vyrobil z\u00e1bradlie na ch\u00f3r v kostole v Pal\u00fadzke. Sv. om\u0161u za jeho rodinu obetujem 4.6.2022.<\/li>\n<li>o upratovanie kostola pros\u00edm rodiny Kostoln\u00fa, Dia\u010dikov\u00fa, Korman\u00edkov\u00fa a S\u00e1lusov\u00fa. Upratovanie bude v sobotu po sv. om\u0161i. P\u00e1n Boh zapla\u0165 za slu\u017ebu.<\/li>\n<\/ul>\n","protected":false},"excerpt":{"rendered":"<p>De\u0148 \u010cas Liturgick\u00fd kalend\u00e1r \u00damysel O\u010dak\u00e1vame Nede\u013ea 29.5. 7:00 8:15 9:45 7. ve\u013ekono\u010dn\u00e1 nede\u013ea za rodi\u010dov Panietov\u00fdch s rodinou Bodice: na \u00famysel za veriacich Farsk\u00e1 poklona od 10:30 do 15:00 Zbierka na katol\u00edcke masm\u00e9dia 56. Svetov\u00fd de\u0148 spolo\u010densk\u00fdch komunika\u010dn\u00fdch prostriedkov Pondelok 30.5. 18:15 Pondelok po 7. ve\u013ekono\u010dnej nedeli + Ondrej Sviatos\u0165 zmierenia od 17:30 Utorok [&hellip;]<\/p>\n","protected":false},"author":1,"featured_media":0,"comment_status":"closed","ping_status":"closed","sticky":false,"template":"","format":"standard","meta":{"_links_to":"","_links_to_target":""},"categories":[4,19],"tags":[],"_links":{"self":[{"href":"http:\/\/www.paludzka.fara.sk\/index.php?rest_route=\/wp\/v2\/posts\/1074"}],"collection":[{"href":"http:\/\/www.paludzka.fara.sk\/index.php?rest_route=\/wp\/v2\/posts"}],"about":[{"href":"http:\/\/www.paludzka.fara.sk\/index.php?rest_route=\/wp\/v2\/types\/post"}],"author":[{"embeddable":true,"href":"http:\/\/www.paludzka.fara.sk\/index.php?rest_route=\/wp\/v2\/users\/1"}],"replies":[{"embeddable":true,"href":"http:\/\/www.paludzka.fara.sk\/index.php?rest_route=%2Fwp%2Fv2%2Fcomments&post=1074"}],"version-history":[{"count":4,"href":"http:\/\/www.paludzka.fara.sk\/index.php?rest_route=\/wp\/v2\/posts\/1074\/revisions"}],"predecessor-version":[{"id":1154,"href":"http:\/\/www.paludzka.fara.sk\/index.php?rest_route=\/wp\/v2\/posts\/1074\/revisions\/1154"}],"wp:attachment":[{"href":"http:\/\/www.paludzka.fara.sk\/index.php?rest_route=%2Fwp%2Fv2%2Fmedia&parent=1074"}],"wp:term":[{"taxonomy":"category","embeddable":true,"href":"http:\/\/www.paludzka.fara.sk\/index.php?rest_route=%2Fwp%2Fv2%2Fcategories&post=1074"},{"taxonomy":"post_tag","embeddable":true,"href":"http:\/\/www.paludzka.fara.sk\/index.php?rest_route=%2Fwp%2Fv2%2Ftags&post=1074"}],"curies":[{"name":"wp","href":"https:\/\/api.w.org\/{rel}","templated":true}]}}