
{"id":1070,"date":"2022-05-22T00:00:04","date_gmt":"2022-05-21T22:00:04","guid":{"rendered":"http:\/\/www.paludzka.fara.sk\/?p=1070"},"modified":"2022-05-21T19:08:25","modified_gmt":"2022-05-21T17:08:25","slug":"farske-oznamy-22-5-29-5-2022","status":"publish","type":"post","link":"http:\/\/www.paludzka.fara.sk\/?p=1070","title":{"rendered":"Farsk\u00e9 oznamy 22.5.-29.5.2022"},"content":{"rendered":"<div class=\"table-responsive\">\n<table class=\"table table-bordered\">\n<thead>\n<tr>\n<th style=\"text-align: center;\">De\u0148<\/th>\n<th style=\"text-align: center;\">\u010cas<\/th>\n<th style=\"text-align: center;\">Liturgick\u00fd kalend\u00e1r<\/th>\n<th style=\"text-align: center;\">\u00damysel<\/th>\n<th style=\"text-align: center;\">O\u010dak\u00e1vame<\/th>\n<\/tr>\n<\/thead>\n<tbody>\n<tr>\n<td style=\"text-align: center;\"><strong>Nede\u013ea 22.5.<\/strong><\/td>\n<td style=\"text-align: center;\">7:00<\/p>\n<p><span style=\"color: #000000;\"><strong>8:15<\/strong><\/span><\/p>\n<p><span style=\"color: #000000;\">9:45<\/span><\/td>\n<td style=\"text-align: center;\"><span style=\"color: #808000;\"><strong>6. ve\u013ekono\u010dn\u00e1 nede\u013ea<\/strong><\/span><\/td>\n<td style=\"text-align: center;\">za rodi\u010dov s rodinou<\/p>\n<p><strong>Bodice:<\/strong> na \u00famysel<\/p>\n<p>za veriacich<\/td>\n<td style=\"text-align: center;\"><\/td>\n<\/tr>\n<tr>\n<td style=\"text-align: center;\">Pondelok 23.5.<\/td>\n<td style=\"text-align: center;\">18:15<\/td>\n<td style=\"text-align: center;\"><span style=\"color: #808000;\">V \u010dase sejby<\/span><\/td>\n<td style=\"text-align: center;\">+ Tiborov<\/td>\n<td style=\"text-align: center;\"><\/td>\n<\/tr>\n<tr>\n<td style=\"text-align: center;\">Utorok 24.5.<\/td>\n<td style=\"text-align: center;\">18:15<\/td>\n<td style=\"text-align: center;\"><span style=\"color: #808000;\">Utorok po 6. ve\u013ekono\u010dnej nedeli<\/span><\/td>\n<td style=\"text-align: center;\">+ Sv\u00e4topluk a rodi\u010dia<\/td>\n<td style=\"text-align: center;\"><\/td>\n<\/tr>\n<tr>\n<td style=\"text-align: center;\">Streda 25.5.<\/td>\n<td style=\"text-align: center;\">7:00<\/td>\n<td style=\"text-align: center;\"><span style=\"color: #808000;\">Streda po 6. ve\u013ekono\u010dnej nedeli<\/span><\/td>\n<td style=\"text-align: center;\">+ J\u00e1n<\/td>\n<td style=\"text-align: center;\"><\/td>\n<\/tr>\n<tr>\n<td style=\"text-align: center;\">\u0160tvrtok 26.5.<\/td>\n<td style=\"text-align: center;\">7:00<\/p>\n<p><strong>17:00<\/strong><\/p>\n<p>18:15<\/td>\n<td style=\"text-align: center;\"><span style=\"color: #808000;\">Nanebovst\u00fapenie P\u00e1na<\/span><\/p>\n<p><span style=\"color: #808000;\">sl\u00e1vnos\u0165<\/span><\/p>\n<p><span style=\"color: #ff0000;\">Prik\u00e1zan\u00fd sviatok<\/span><\/td>\n<td style=\"text-align: center;\">za veriacich<\/p>\n<p><strong>Bodice:<\/strong> na \u00famysel<\/p>\n<p>+ M\u00e1ria, Darina, Elena<\/td>\n<td style=\"text-align: center;\"><\/td>\n<\/tr>\n<tr>\n<td style=\"text-align: center;\">Piatok 27.5.<\/td>\n<td style=\"text-align: center;\">18:15<\/td>\n<td style=\"text-align: center;\"><span style=\"color: #808000;\">Piatok po 6. ve\u013ekono\u010dnej nedeli<\/span><\/td>\n<td style=\"text-align: center;\">za zdravie, pokoj a Bo\u017eiu pomoc pre rodi\u010dov<\/td>\n<td style=\"text-align: center;\"><span style=\"color: #ff0000;\">N\u00e1cvik na 1. sv. prij\u00edmanie o 17:30 na fare<\/span><br \/>\n<span style=\"color: #ff0000;\">Sv. om\u0161a za \u00fa\u010dasti deti<\/span><\/p>\n<p><span style=\"color: #ff0000;\">Nov\u00e9na k\u00a0Duchu Sv\u00e4t\u00e9mu<\/span><\/td>\n<\/tr>\n<tr>\n<td style=\"text-align: center;\">Sobota 28.5.<\/td>\n<td style=\"text-align: center;\">8:00<\/td>\n<td style=\"text-align: center;\"><span style=\"color: #808000;\">Sobota po 6. ve\u013ekono\u010dnej nedeli<\/span><\/td>\n<td style=\"text-align: center;\">+ Ladislav a Elena<\/td>\n<td style=\"text-align: center;\"><\/td>\n<\/tr>\n<tr>\n<td style=\"text-align: center;\"><strong>Nede\u013ea 29.5.<\/strong><\/td>\n<td style=\"text-align: center;\">7:00<\/p>\n<p><span style=\"color: #000000;\"><strong>8:15<\/strong><\/span><\/p>\n<p><span style=\"color: #000000;\">9:45<\/span><\/td>\n<td style=\"text-align: center;\"><span style=\"color: #808000;\"><strong>7. ve\u013ekono\u010dn\u00e1 nede\u013ea<\/strong><\/span><\/td>\n<td style=\"text-align: center;\">za rodi\u010dov Planietov\u00fdch s rodinou<br \/>\n<strong>Bodice:<\/strong>\u00a0na \u00famysel<br \/>\nza veriacich<\/td>\n<td style=\"text-align: center;\"><span style=\"color: #ff0000;\">Farsk\u00e1 poklona od 10:30 do 15:00<\/span><br \/>\n<span style=\"color: #ff0000;\">Zbierka na katol\u00edcke masm\u00e9dia<\/span><\/td>\n<\/tr>\n<\/tbody>\n<\/table>\n<\/div>\n<div class=\"table-responsive\"><\/div>\n<ul>\n<li>nasleduj\u00face tri dni (pondelok, utorok a streda) s\u00fa prosebn\u00fdmi d\u0148ami. Z\u00e1v\u00e4zn\u00fd je iba jeden de\u0148. Obsahom prosebn\u00fdch dn\u00ed s\u00fa prosby za \u00farodu.<\/li>\n<li>presk\u00fa\u0161anie prvoprij\u00edmaj\u00facich det\u00ed v doprovode rodi\u010da bude 23.5.2022 15:00-17:00 &#8211; 3.A, \u00a024.5.2022 15:00-17:00 &#8211; 3.B<\/li>\n<li><span style=\"color: #ff0000;\">v piatok 27.5.2022 o 17:00 bude n\u00e1cvik na 1. sv. prij\u00edmanie v kostole. \u00da\u010das\u0165 v\u0161etk\u00fdch je povinn\u00e1. Po n\u00e1cviku sv. om\u0161a za \u00fa\u010dasti deti.<\/span><\/li>\n<li>na bud\u00facu nede\u013eu sa uskuto\u010dn\u00ed zbierka na katol\u00edcke masm\u00e9dia. P\u00e1n Boh zapla\u0165 v\u0161etk\u00fdm darcom.<\/li>\n<li>na bud\u00facu nede\u013eu bude v na\u0161ej farnosti farsk\u00e1 poklona (10:30-15:00)<\/li>\n<li>o upratovanie kostola pros\u00edm rodiny Kolen\u010d\u00edkov\u00fa, Kov\u00e1\u010dov\u00fa, Slafkovsk\u00fa a Ko\u0161\u00fatov\u00fa. Upratovanie bude v sobotu po sv. om\u0161i. P\u00e1n Boh zapla\u0165 za slu\u017ebu.<\/li>\n<\/ul>\n","protected":false},"excerpt":{"rendered":"<p>De\u0148 \u010cas Liturgick\u00fd kalend\u00e1r \u00damysel O\u010dak\u00e1vame Nede\u013ea 22.5. 7:00 8:15 9:45 6. ve\u013ekono\u010dn\u00e1 nede\u013ea za rodi\u010dov s rodinou Bodice: na \u00famysel za veriacich Pondelok 23.5. 18:15 V \u010dase sejby + Tiborov Utorok 24.5. 18:15 Utorok po 6. ve\u013ekono\u010dnej nedeli + Sv\u00e4topluk a rodi\u010dia Streda 25.5. 7:00 Streda po 6. ve\u013ekono\u010dnej nedeli + J\u00e1n \u0160tvrtok 26.5. [&hellip;]<\/p>\n","protected":false},"author":1,"featured_media":0,"comment_status":"closed","ping_status":"closed","sticky":false,"template":"","format":"standard","meta":{"_links_to":"","_links_to_target":""},"categories":[4,19],"tags":[],"_links":{"self":[{"href":"http:\/\/www.paludzka.fara.sk\/index.php?rest_route=\/wp\/v2\/posts\/1070"}],"collection":[{"href":"http:\/\/www.paludzka.fara.sk\/index.php?rest_route=\/wp\/v2\/posts"}],"about":[{"href":"http:\/\/www.paludzka.fara.sk\/index.php?rest_route=\/wp\/v2\/types\/post"}],"author":[{"embeddable":true,"href":"http:\/\/www.paludzka.fara.sk\/index.php?rest_route=\/wp\/v2\/users\/1"}],"replies":[{"embeddable":true,"href":"http:\/\/www.paludzka.fara.sk\/index.php?rest_route=%2Fwp%2Fv2%2Fcomments&post=1070"}],"version-history":[{"count":2,"href":"http:\/\/www.paludzka.fara.sk\/index.php?rest_route=\/wp\/v2\/posts\/1070\/revisions"}],"predecessor-version":[{"id":1075,"href":"http:\/\/www.paludzka.fara.sk\/index.php?rest_route=\/wp\/v2\/posts\/1070\/revisions\/1075"}],"wp:attachment":[{"href":"http:\/\/www.paludzka.fara.sk\/index.php?rest_route=%2Fwp%2Fv2%2Fmedia&parent=1070"}],"wp:term":[{"taxonomy":"category","embeddable":true,"href":"http:\/\/www.paludzka.fara.sk\/index.php?rest_route=%2Fwp%2Fv2%2Fcategories&post=1070"},{"taxonomy":"post_tag","embeddable":true,"href":"http:\/\/www.paludzka.fara.sk\/index.php?rest_route=%2Fwp%2Fv2%2Ftags&post=1070"}],"curies":[{"name":"wp","href":"https:\/\/api.w.org\/{rel}","templated":true}]}}