
{"id":1067,"date":"2022-05-15T00:00:18","date_gmt":"2022-05-14T22:00:18","guid":{"rendered":"http:\/\/www.paludzka.fara.sk\/?p=1067"},"modified":"2022-05-14T21:13:04","modified_gmt":"2022-05-14T19:13:04","slug":"farske-oznamy-15-5-22-5-2022","status":"publish","type":"post","link":"http:\/\/www.paludzka.fara.sk\/?p=1067","title":{"rendered":"Farsk\u00e9 oznamy 15.5.-22.5.2022"},"content":{"rendered":"<div class=\"table-responsive\">\n<table class=\"table table-bordered\">\n<thead>\n<tr>\n<th style=\"text-align: center;\">De\u0148<\/th>\n<th style=\"text-align: center;\">\u010cas<\/th>\n<th style=\"text-align: center;\">Liturgick\u00fd kalend\u00e1r<\/th>\n<th style=\"text-align: center;\">\u00damysel<\/th>\n<th style=\"text-align: center;\">O\u010dak\u00e1vame<\/th>\n<\/tr>\n<\/thead>\n<tbody>\n<tr>\n<td style=\"text-align: center;\"><strong>Nede\u013ea 15.5.<\/strong><\/td>\n<td style=\"text-align: center;\">7:00<\/p>\n<p><span style=\"color: #ff0000;\"><strong>8:15<\/strong><\/span><\/p>\n<p><span style=\"color: #ff0000;\">9:45<\/span><\/td>\n<td style=\"text-align: center;\"><span style=\"color: #808000;\"><strong>5. ve\u013ekono\u010dn\u00e1 nede\u013ea<\/strong><\/span><\/td>\n<td style=\"text-align: center;\">za rodinu Mareka a Anetky Planietov\u00fdch<\/p>\n<p><strong>Bodice:<\/strong> na \u00famysel<\/p>\n<p>za veriacich<\/td>\n<td style=\"text-align: center;\">Zbierka na semin\u00e1r<br \/>\nDe\u0148 matiek<\/td>\n<\/tr>\n<tr>\n<td style=\"text-align: center;\">Pondelok 16.5.<\/td>\n<td style=\"text-align: center;\">18:15<\/td>\n<td style=\"text-align: center;\"><span style=\"color: #ff0000;\">Sv\u00e4t\u00e9ho J\u00e1na Nepomuck\u00e9ho, k\u0148aza a mu\u010den\u00edka<\/span><\/p>\n<p><span style=\"color: #ff0000;\">spomienka<\/span><\/td>\n<td style=\"text-align: center;\">+ Flori\u00e1n a Elena<\/td>\n<td style=\"text-align: center;\">Sv. om\u0161a v kaplnke sv. J\u00e1na Nepomuck\u00e9ho<\/td>\n<\/tr>\n<tr>\n<td style=\"text-align: center;\">Utorok 17.5.<\/td>\n<td style=\"text-align: center;\">18:15<\/td>\n<td style=\"text-align: center;\"><span style=\"color: #808000;\">Utorok po 5. ve\u013ekono\u010dnej nedeli<\/span><\/td>\n<td style=\"text-align: center;\">+ Anna, Imrich, Jozef a Jaroslav<\/td>\n<td style=\"text-align: center;\"><\/td>\n<\/tr>\n<tr>\n<td style=\"text-align: center;\">Streda 18.5.<\/td>\n<td style=\"text-align: center;\">7:00<\/td>\n<td style=\"text-align: center;\"><span style=\"color: #808000;\">Streda po 5. ve\u013ekono\u010dnej nedeli<\/span><\/td>\n<td style=\"text-align: center;\">za \u0160tefana, M\u00e1riu a M\u00e1riu Kl\u00e1ru<\/td>\n<td style=\"text-align: center;\"><\/td>\n<\/tr>\n<tr>\n<td style=\"text-align: center;\">\u0160tvrtok 19.5.<\/td>\n<td style=\"text-align: center;\">18:15<\/td>\n<td style=\"text-align: center;\"><span style=\"color: #808000;\">\u0160tvrtok po 5. ve\u013ekono\u010dnej nedeli<\/span><\/td>\n<td style=\"text-align: center;\">za obr\u00e1tenie det\u00ed a man\u017eela<\/td>\n<td style=\"text-align: center;\">Ador\u00e1cia od 17:45<\/td>\n<\/tr>\n<tr>\n<td style=\"text-align: center;\">Piatok 20.5.<\/td>\n<td style=\"text-align: center;\">18:15<\/td>\n<td style=\"text-align: center;\"><span style=\"color: #808000;\">Piatok po 5. ve\u013ekono\u010dnej nedeli<\/span><\/td>\n<td style=\"text-align: center;\">+ Vendel\u00edn, Artur a Ema<\/td>\n<td style=\"text-align: center;\"><span style=\"color: #ff0000;\">N\u00e1cvik na 1. sv. prij\u00edmanie o 17:30 na fare<\/span><br \/>\n<span style=\"color: #ff0000;\">Sv. om\u0161a za \u00fa\u010dasti deti<\/span><\/td>\n<\/tr>\n<tr>\n<td style=\"text-align: center;\">Sobota 21.5.<\/td>\n<td style=\"text-align: center;\">8:00<\/td>\n<td style=\"text-align: center;\"><span style=\"color: #808000;\">Sobota po 5. ve\u013ekono\u010dnej nedeli<\/span><\/td>\n<td style=\"text-align: center;\">+ J\u00e1n a Helena<\/td>\n<td style=\"text-align: center;\"><\/td>\n<\/tr>\n<tr>\n<td style=\"text-align: center;\"><strong>Nede\u013ea 22.5.<\/strong><\/td>\n<td style=\"text-align: center;\">7:00<\/p>\n<p><span style=\"color: #ff0000;\"><strong>8:15<\/strong><\/span><\/p>\n<p><span style=\"color: #ff0000;\">9:45<\/span><\/td>\n<td style=\"text-align: center;\"><span style=\"color: #808000;\"><strong>6. ve\u013ekono\u010dn\u00e1 nede\u013ea<\/strong><\/span><\/td>\n<td style=\"text-align: center;\">za rodi\u010dov s rodinou<br \/>\n<strong>Bodice:<\/strong>\u00a0na \u00famysel<br \/>\nza veriacich<\/td>\n<td style=\"text-align: center;\"><\/td>\n<\/tr>\n<\/tbody>\n<\/table>\n<\/div>\n<div class=\"table-responsive\"><\/div>\n<ul>\n<li>v pondelok 16.5.2022 sv. om\u0161a o 18:15 bude v kaplnke sv. J\u00e1na Nepomuck\u00e9ho. Pri tejto sv. om\u0161i po\u017eehn\u00e1m obraz sv. J\u00e1na Nepomuck\u00e9ho. V\u0161etk\u00fdch v\u00e1s srde\u010dne poz\u00fdvam.<\/li>\n<li>v piatok 20.5.2022 o 17:00 bude n\u00e1cvik na 1. sv. prij\u00edmanie v kostole. \u00da\u010das\u0165 v\u0161etk\u00fdch je povinn\u00e1. Po n\u00e1cviku sv. om\u0161a za \u00fa\u010dasti det\u00ed. Presk\u00fa\u0161anie prvoprij\u00edmaj\u00facich det\u00ed v doprovode rodi\u010da bude 23.5.2022 15:00-17:00 &#8211; 3.A, 24.5.2022 15:00-17:00 &#8211; 3.B.<\/li>\n<li>v zbierke na semin\u00e1r sme prispeli 215\u20ac . P\u00e1n Boh zapla\u0165 v\u0161etk\u00fdm darcom<\/li>\n<li>Bohuzn\u00e1mi darovali na ma\u013eovanie kostola v Pal\u00fadzke 100, 100, 100, 100 \u20ac. P\u00e1n Boh zapla\u0165 v\u0161etk\u00fdm darcom.<\/li>\n<li>o upratovanie kostola pros\u00edm rodiny Koh\u00fatov\u00fa, Ku\u010derov\u00fa S., Bebkov\u00fa a Rybovi\u010dov\u00fa. Upratovanie bude v sobotu po sv. om\u0161i. P\u00e1n Boh zapla\u0165 za slu\u017ebu.<\/li>\n<\/ul>\n","protected":false},"excerpt":{"rendered":"<p>De\u0148 \u010cas Liturgick\u00fd kalend\u00e1r \u00damysel O\u010dak\u00e1vame Nede\u013ea 15.5. 7:00 8:15 9:45 5. ve\u013ekono\u010dn\u00e1 nede\u013ea za rodinu Mareka a Anetky Planietov\u00fdch Bodice: na \u00famysel za veriacich Zbierka na semin\u00e1r De\u0148 matiek Pondelok 16.5. 18:15 Sv\u00e4t\u00e9ho J\u00e1na Nepomuck\u00e9ho, k\u0148aza a mu\u010den\u00edka spomienka + Flori\u00e1n a Elena Sv. om\u0161a v kaplnke sv. J\u00e1na Nepomuck\u00e9ho Utorok 17.5. 18:15 Utorok [&hellip;]<\/p>\n","protected":false},"author":1,"featured_media":0,"comment_status":"closed","ping_status":"closed","sticky":false,"template":"","format":"standard","meta":{"_links_to":"","_links_to_target":""},"categories":[4,19],"tags":[],"_links":{"self":[{"href":"http:\/\/www.paludzka.fara.sk\/index.php?rest_route=\/wp\/v2\/posts\/1067"}],"collection":[{"href":"http:\/\/www.paludzka.fara.sk\/index.php?rest_route=\/wp\/v2\/posts"}],"about":[{"href":"http:\/\/www.paludzka.fara.sk\/index.php?rest_route=\/wp\/v2\/types\/post"}],"author":[{"embeddable":true,"href":"http:\/\/www.paludzka.fara.sk\/index.php?rest_route=\/wp\/v2\/users\/1"}],"replies":[{"embeddable":true,"href":"http:\/\/www.paludzka.fara.sk\/index.php?rest_route=%2Fwp%2Fv2%2Fcomments&post=1067"}],"version-history":[{"count":2,"href":"http:\/\/www.paludzka.fara.sk\/index.php?rest_route=\/wp\/v2\/posts\/1067\/revisions"}],"predecessor-version":[{"id":1071,"href":"http:\/\/www.paludzka.fara.sk\/index.php?rest_route=\/wp\/v2\/posts\/1067\/revisions\/1071"}],"wp:attachment":[{"href":"http:\/\/www.paludzka.fara.sk\/index.php?rest_route=%2Fwp%2Fv2%2Fmedia&parent=1067"}],"wp:term":[{"taxonomy":"category","embeddable":true,"href":"http:\/\/www.paludzka.fara.sk\/index.php?rest_route=%2Fwp%2Fv2%2Fcategories&post=1067"},{"taxonomy":"post_tag","embeddable":true,"href":"http:\/\/www.paludzka.fara.sk\/index.php?rest_route=%2Fwp%2Fv2%2Ftags&post=1067"}],"curies":[{"name":"wp","href":"https:\/\/api.w.org\/{rel}","templated":true}]}}