
{"id":1031,"date":"2022-05-08T00:00:28","date_gmt":"2022-05-07T22:00:28","guid":{"rendered":"http:\/\/www.paludzka.fara.sk\/?p=1031"},"modified":"2022-05-07T23:21:30","modified_gmt":"2022-05-07T21:21:30","slug":"farske-oznamy-8-5-15-5-2022","status":"publish","type":"post","link":"http:\/\/www.paludzka.fara.sk\/?p=1031","title":{"rendered":"Farsk\u00e9 oznamy 8.5.-15.5.2022"},"content":{"rendered":"<div class=\"table-responsive\">\n<table class=\"table table-bordered\">\n<thead>\n<tr>\n<th style=\"text-align: center;\">De\u0148<\/th>\n<th style=\"text-align: center;\">\u010cas<\/th>\n<th style=\"text-align: center;\">Liturgick\u00fd kalend\u00e1r<\/th>\n<th style=\"text-align: center;\">\u00damysel<\/th>\n<th style=\"text-align: center;\">O\u010dak\u00e1vame<\/th>\n<\/tr>\n<\/thead>\n<tbody>\n<tr>\n<td style=\"text-align: center;\"><strong>Nede\u013ea 8.5.<\/strong><\/td>\n<td style=\"text-align: center;\">7:00<\/p>\n<p><span style=\"color: #ff0000;\"><strong>8:15<\/strong><\/span><\/p>\n<p><span style=\"color: #ff0000;\">9:45<\/span><\/td>\n<td style=\"text-align: center;\"><span style=\"color: #808000;\"><strong>4. ve\u013ekono\u010dn\u00e1 nede\u013ea<\/strong><\/span><\/td>\n<td style=\"text-align: center;\">za man\u017eelov Mareka a Anetku<\/p>\n<p><strong>Bodice:<\/strong> na \u00famysel<\/p>\n<p>za veriacich<\/td>\n<td style=\"text-align: center;\">Zbierka na semin\u00e1r<br \/>\nDe\u0148 matiek<\/td>\n<\/tr>\n<tr>\n<td style=\"text-align: center;\">Pondelok 9.5.<\/td>\n<td style=\"text-align: center;\">18:15<\/td>\n<td style=\"text-align: center;\"><span style=\"color: #808000;\">Pondelok po 4. ve\u013ekono\u010dnej nedeli<\/span><\/td>\n<td style=\"text-align: center;\">+ Jozef, Roz\u00e1lia a Michal<\/td>\n<td style=\"text-align: center;\"><\/td>\n<\/tr>\n<tr>\n<td style=\"text-align: center;\">Utorok 10.5.<\/td>\n<td style=\"text-align: center;\">18:15<\/td>\n<td style=\"text-align: center;\"><span style=\"color: #808000;\">Utorok po 4. ve\u013ekono\u010dnej nedeli<\/span><\/td>\n<td style=\"text-align: center;\">+ Du\u0161an, Anton a Anna<\/td>\n<td style=\"text-align: center;\"><\/td>\n<\/tr>\n<tr>\n<td style=\"text-align: center;\">Streda 11.5.<\/td>\n<td style=\"text-align: center;\">7:00<\/td>\n<td style=\"text-align: center;\"><span style=\"color: #808000;\">Streda po 4. ve\u013ekono\u010dnej nedeli<\/span><\/td>\n<td style=\"text-align: center;\">+ man\u017eel Andrej<\/td>\n<td style=\"text-align: center;\"><\/td>\n<\/tr>\n<tr>\n<td style=\"text-align: center;\">\u0160tvrtok 12.5.<\/td>\n<td style=\"text-align: center;\">18:15<\/td>\n<td style=\"text-align: center;\"><span style=\"color: #808000;\">\u0160tvrtok po 4. ve\u013ekono\u010dnej nedeli<\/span><\/td>\n<td style=\"text-align: center;\">za zdravie Anny<\/td>\n<td style=\"text-align: center;\">Ador\u00e1cia od 17:30<\/td>\n<\/tr>\n<tr>\n<td style=\"text-align: center;\">Piatok 13.5.<\/td>\n<td style=\"text-align: center;\">18:15<\/td>\n<td style=\"text-align: center;\"><span style=\"color: #0000ff;\">Preblahoslavenej Panny M\u00e1rie Fatimskej<\/span><br \/>\n<span style=\"color: #0000ff;\">\u013eubovo\u013en\u00e1 spomienka<\/span><\/td>\n<td style=\"text-align: center;\">+ Adolf a Val\u00e9ria<\/td>\n<td style=\"text-align: center;\"><span style=\"color: #ff0000;\">N\u00e1cvik na 1. sv. prij\u00edmanie o 17:30 na fare<\/span><br \/>\n<span style=\"color: #ff0000;\">Sv. om\u0161a za \u00fa\u010dasti deti<\/span><\/td>\n<\/tr>\n<tr>\n<td style=\"text-align: center;\">Sobota 14.5.<\/td>\n<td style=\"text-align: center;\">8:00<\/td>\n<td style=\"text-align: center;\"><span style=\"color: #ff0000;\">Sv\u00e4t\u00e9ho Mateja, apo\u0161tola<\/span><\/p>\n<p><span style=\"color: #ff0000;\">sviatok<\/span><\/td>\n<td style=\"text-align: center;\">+ Ernest a M\u00e1ria<\/td>\n<td style=\"text-align: center;\"><\/td>\n<\/tr>\n<tr>\n<td style=\"text-align: center;\"><strong>Nede\u013ea 15.5.<\/strong><\/td>\n<td style=\"text-align: center;\">7:00<\/p>\n<p><span style=\"color: #ff0000;\"><strong>8:15<\/strong><\/span><\/p>\n<p><span style=\"color: #ff0000;\">9:45<\/span><\/td>\n<td style=\"text-align: center;\"><span style=\"color: #808000;\"><strong>5. ve\u013ekono\u010dn\u00e1 nede\u013ea<\/strong><\/span><\/td>\n<td style=\"text-align: center;\">za rodinu Mareka a Anetky Planietov\u00fdch<br \/>\n<strong>Bodice:<\/strong>\u00a0na \u00famysel<br \/>\nza veriacich<\/td>\n<td style=\"text-align: center;\"><\/td>\n<\/tr>\n<\/tbody>\n<\/table>\n<\/div>\n<div class=\"table-responsive\"><\/div>\n<ul>\n<li>dnes pri sv. om\u0161iach je zbierka na semin\u00e1r. P\u00e1n Boh zapla\u0165 v\u0161etk\u00fdm darcom<\/li>\n<li><span style=\"color: #ff0000;\">v piatok 13. 05.2022 o 17:30 bude n\u00e1cvik na 1. sv. prij\u00edmanie na fare. \u00da\u010das\u0165 v\u0161etk\u00fdch je nutn\u00e1. Po n\u00e1cviku sv. om\u0161a za \u00fa\u010dasti deti. Po sv. om\u0161i stretnutie rodi\u010dov prvoprij\u00edmaj\u00facich v kostole.<\/span><\/li>\n<li>na ma\u013eovanie kostola v Pal\u00fadzke sa vyzbieralo 480 \u20ac a na opravu ve\u017ee kostola v Bodiciach 165 \u20ac . Bohuzn\u00e1my darovali na ma\u013eovanie kostola v Pal\u00fadzke 20 a 50 \u20ac. P\u00e1n Boh zapla\u0165 v\u0161etk\u00fdm darcom.<\/li>\n<li>na bud\u00faci pondelok 16.05.2022 na spomienku sv. J\u00e1na Nepomuck\u00e9ko pl\u00e1nujeme sv. om\u0161u v kaplnke sv. J\u00e1na Nepomuck\u00e9ho. Pri tejto sv. om\u0161i po\u017eehn\u00e1m obraz sv. J\u00e1na Nepomuck\u00e9ho. V\u0161etk\u00fdch srde\u010dne poz\u00fdvam.<\/li>\n<li>o upratovanie kostola pros\u00edm rodiny Hunanov\u00fa, Adam\u010diakov\u00fa M., Slukov\u00fa a Jurisov\u00fa. Upratovanie bude v sobotu po sv. om\u0161i. P\u00e1n Boh zapla\u0165 za slu\u017ebu.<\/li>\n<\/ul>\n","protected":false},"excerpt":{"rendered":"<p>De\u0148 \u010cas Liturgick\u00fd kalend\u00e1r \u00damysel O\u010dak\u00e1vame Nede\u013ea 8.5. 7:00 8:15 9:45 4. ve\u013ekono\u010dn\u00e1 nede\u013ea za man\u017eelov Mareka a Anetku Bodice: na \u00famysel za veriacich Zbierka na semin\u00e1r De\u0148 matiek Pondelok 9.5. 18:15 Pondelok po 4. ve\u013ekono\u010dnej nedeli + Jozef, Roz\u00e1lia a Michal Utorok 10.5. 18:15 Utorok po 4. ve\u013ekono\u010dnej nedeli + Du\u0161an, Anton a Anna [&hellip;]<\/p>\n","protected":false},"author":1,"featured_media":0,"comment_status":"closed","ping_status":"closed","sticky":false,"template":"","format":"standard","meta":{"_links_to":"","_links_to_target":""},"categories":[4,19],"tags":[],"_links":{"self":[{"href":"http:\/\/www.paludzka.fara.sk\/index.php?rest_route=\/wp\/v2\/posts\/1031"}],"collection":[{"href":"http:\/\/www.paludzka.fara.sk\/index.php?rest_route=\/wp\/v2\/posts"}],"about":[{"href":"http:\/\/www.paludzka.fara.sk\/index.php?rest_route=\/wp\/v2\/types\/post"}],"author":[{"embeddable":true,"href":"http:\/\/www.paludzka.fara.sk\/index.php?rest_route=\/wp\/v2\/users\/1"}],"replies":[{"embeddable":true,"href":"http:\/\/www.paludzka.fara.sk\/index.php?rest_route=%2Fwp%2Fv2%2Fcomments&post=1031"}],"version-history":[{"count":1,"href":"http:\/\/www.paludzka.fara.sk\/index.php?rest_route=\/wp\/v2\/posts\/1031\/revisions"}],"predecessor-version":[{"id":1033,"href":"http:\/\/www.paludzka.fara.sk\/index.php?rest_route=\/wp\/v2\/posts\/1031\/revisions\/1033"}],"wp:attachment":[{"href":"http:\/\/www.paludzka.fara.sk\/index.php?rest_route=%2Fwp%2Fv2%2Fmedia&parent=1031"}],"wp:term":[{"taxonomy":"category","embeddable":true,"href":"http:\/\/www.paludzka.fara.sk\/index.php?rest_route=%2Fwp%2Fv2%2Fcategories&post=1031"},{"taxonomy":"post_tag","embeddable":true,"href":"http:\/\/www.paludzka.fara.sk\/index.php?rest_route=%2Fwp%2Fv2%2Ftags&post=1031"}],"curies":[{"name":"wp","href":"https:\/\/api.w.org\/{rel}","templated":true}]}}