
{"id":1029,"date":"2022-05-01T00:00:00","date_gmt":"2022-04-30T22:00:00","guid":{"rendered":"http:\/\/www.paludzka.fara.sk\/?p=1029"},"modified":"2022-05-07T23:21:56","modified_gmt":"2022-05-07T21:21:56","slug":"farske-oznamy-1-5-8-5-2022","status":"publish","type":"post","link":"http:\/\/www.paludzka.fara.sk\/?p=1029","title":{"rendered":"Farsk\u00e9 oznamy 1.5.-8.5.2022"},"content":{"rendered":"<div class=\"table-responsive\">\n<table class=\"table table-bordered\">\n<thead>\n<tr>\n<th style=\"text-align: center;\">De\u0148<\/th>\n<th style=\"text-align: center;\">\u010cas<\/th>\n<th style=\"text-align: center;\">Liturgick\u00fd kalend\u00e1r<\/th>\n<th style=\"text-align: center;\">\u00damysel<\/th>\n<th style=\"text-align: center;\">O\u010dak\u00e1vame<\/th>\n<\/tr>\n<\/thead>\n<tbody>\n<tr>\n<td style=\"text-align: center;\"><strong>Nede\u013ea 1.5.<\/strong><\/td>\n<td style=\"text-align: center;\">7:00<\/p>\n<p><span style=\"color: #ff0000;\"><strong>8:15<\/strong><\/span><\/p>\n<p><span style=\"color: #ff0000;\">9:45<\/span><\/td>\n<td style=\"text-align: center;\"><span style=\"color: #808000;\"><strong>3. ve\u013ekono\u010dn\u00e1 nede\u013ea<\/strong><\/span><\/td>\n<td style=\"text-align: center;\">za zdravie a Bo\u017eie po\u017eehnanie pre Simonu<\/p>\n<p><strong>Bodice:<\/strong> na \u00famysel<\/p>\n<p>za veriacich<\/td>\n<td style=\"text-align: center;\">Zbierka na ma\u013eovanie kostola v Pal\u00fadzke<\/p>\n<p>a opravu ve\u017ee kostola v Bodiciach<\/td>\n<\/tr>\n<tr>\n<td style=\"text-align: center;\">Pondelok 2.5.<\/td>\n<td style=\"text-align: center;\">18:15<\/td>\n<td style=\"text-align: center;\"><span style=\"color: #808000;\">Sv\u00e4t\u00e9ho Atan\u00e1za, biskupa a u\u010dite\u013ea Cirkvi<\/span><\/p>\n<p><span style=\"color: #808000;\">spomienka<\/span><\/td>\n<td style=\"text-align: center;\">+ Anna, Anton a Du\u0161an<\/td>\n<td style=\"text-align: center;\">Vysluhovanie sv. zmierenia od 17:30<\/td>\n<\/tr>\n<tr>\n<td style=\"text-align: center;\">Utorok 3.5.<\/td>\n<td style=\"text-align: center;\">18:15<\/td>\n<td style=\"text-align: center;\"><span style=\"color: #ff0000;\">Sv\u00e4t\u00fdch Filipa a Jakuba, apo\u0161tolov<\/span><\/p>\n<p><span style=\"color: #ff0000;\">sviatok<\/span><\/td>\n<td style=\"text-align: center;\">za obr\u00e1tenie man\u017eela a det\u00ed<\/td>\n<td style=\"text-align: center;\">Vysluhovanie sv. zmierenia od 17:30<\/td>\n<\/tr>\n<tr>\n<td style=\"text-align: center;\">Streda 4.5.<\/td>\n<td style=\"text-align: center;\">7:00<\/td>\n<td style=\"text-align: center;\">Streda po 3. ve\u013ekono\u010dnej nedeli<\/td>\n<td style=\"text-align: center;\">+ Jozef a M\u00e1ria a k\u0148az Jozef<\/td>\n<td style=\"text-align: center;\"><\/td>\n<\/tr>\n<tr>\n<td style=\"text-align: center;\">\u0160tvrtok 5.5.<\/td>\n<td style=\"text-align: center;\">18:15<\/td>\n<td style=\"text-align: center;\">\u0160tvrtok po 3. ve\u013ekono\u010dnej nedeli<\/td>\n<td style=\"text-align: center;\">za Bo\u017eie po\u017eehnanie det\u00ed<\/td>\n<td style=\"text-align: center;\">Ador\u00e1cia od 17:30 \u2013 za duchovn\u00e9 povolania Vysluhovanie sv. zmierenia od 17:30<\/td>\n<\/tr>\n<tr>\n<td style=\"text-align: center;\">Piatok 6.5.<\/td>\n<td style=\"text-align: center;\"><strong>17:00<\/strong><\/p>\n<p>18:15<\/td>\n<td style=\"text-align: center;\"><span style=\"color: #808000;\">O Najsv\u00e4tej\u0161om Srdci Je\u017ei\u0161ovom<\/span><\/p>\n<p><span style=\"color: #ff0000;\">Prv\u00fd piatok<\/span><\/td>\n<td style=\"text-align: center;\"><strong>Bodice:<\/strong> na \u00famysel<\/p>\n<p>+ Kliment<\/td>\n<td style=\"text-align: center;\">N\u00e1v\u0161teva chor\u00fdch od 8:00<br \/>\n<strong>Bodice &#8211; sv. zmierenia od 16:15<\/strong><br \/>\n<span style=\"color: #ff0000;\">N\u00e1cvik na 1. sv. prij\u00edmanie o 17:30 na fare<\/span><br \/>\n<span style=\"color: #ff0000;\">Sv. om\u0161a za \u00fa\u010dasti deti<\/span><\/td>\n<\/tr>\n<tr>\n<td style=\"text-align: center;\">Sobota 7.5.<\/td>\n<td style=\"text-align: center;\">8:00<\/td>\n<td style=\"text-align: center;\"><span style=\"color: #0000ff;\">O Nepo\u0161kvrnenom Srdci Panny M\u00e1rie<\/span><\/td>\n<td style=\"text-align: center;\">+ Eva, Matej a Rudolf<\/td>\n<td style=\"text-align: center;\">Fatimsk\u00e1 pobo\u017enos\u0165 o 7:30<\/td>\n<\/tr>\n<tr>\n<td style=\"text-align: center;\"><strong>Nede\u013ea 8.5.<\/strong><\/td>\n<td style=\"text-align: center;\">7:00<\/p>\n<p><span style=\"color: #ff0000;\"><strong>8:15<\/strong><\/span><\/p>\n<p><span style=\"color: #ff0000;\">9:45<\/span><\/td>\n<td style=\"text-align: center;\"><span style=\"color: #808000;\"><strong>4. ve\u013ekono\u010dn\u00e1 nede\u013ea<\/strong><\/span><\/td>\n<td style=\"text-align: center;\">za veriacich<\/p>\n<p><strong>Bodice:<\/strong> na \u00famysel<\/p>\n<p>za man\u017eelov Mareka a Anetku<\/td>\n<td style=\"text-align: center;\">Zbierka na semin\u00e1r<br \/>\nDe\u0148 matiek<\/td>\n<\/tr>\n<\/tbody>\n<\/table>\n<\/div>\n<div class=\"table-responsive\"><\/div>\n<ul>\n<li>sv\u00e4t\u00e9 om\u0161e v m\u00e1ji budeme za\u010d\u00edna\u0165 m\u00e1jovou pobo\u017enos\u0165ou.<\/li>\n<li>dnes (1.5.2022) za\u010d\u00edna t\u00fd\u017ede\u0148 modlitieb za duchovn\u00e9 povolania. Na bud\u00facu nede\u013eu bude zbierka na semin\u00e1r.<\/li>\n<li>v dne\u0161n\u00fa nede\u013eu je zbierka na ma\u013eovanie kostola v Pal\u00fadzke a na opravu ve\u017ee kostola v Bodiciach. P\u00e1n Boh zapla\u0165 v\u0161etk\u00fdm darcom.<\/li>\n<li>Bohuzn\u00e1ma na ma\u013eovanie kostola obetovala 100 \u20ac. P\u00e1n Boh zapla\u0165.<\/li>\n<li>o upratovanie kostola pros\u00edm rodiny Badl\u00edkov\u00fa, Kuskov\u00fa, Plevov\u00fa a Tur\u010dinov\u00fa. Upratovanie bude v sobotu po sv. om\u0161i. P\u00e1n Boh zapla\u0165 za slu\u017ebu.<\/li>\n<\/ul>\n","protected":false},"excerpt":{"rendered":"<p>De\u0148 \u010cas Liturgick\u00fd kalend\u00e1r \u00damysel O\u010dak\u00e1vame Nede\u013ea 1.5. 7:00 8:15 9:45 3. ve\u013ekono\u010dn\u00e1 nede\u013ea za zdravie a Bo\u017eie po\u017eehnanie pre Simonu Bodice: na \u00famysel za veriacich Zbierka na ma\u013eovanie kostola v Pal\u00fadzke a opravu ve\u017ee kostola v Bodiciach Pondelok 2.5. 18:15 Sv\u00e4t\u00e9ho Atan\u00e1za, biskupa a u\u010dite\u013ea Cirkvi spomienka + Anna, Anton a Du\u0161an Vysluhovanie sv. [&hellip;]<\/p>\n","protected":false},"author":1,"featured_media":0,"comment_status":"closed","ping_status":"closed","sticky":false,"template":"","format":"standard","meta":{"_links_to":"","_links_to_target":""},"categories":[4,19],"tags":[],"_links":{"self":[{"href":"http:\/\/www.paludzka.fara.sk\/index.php?rest_route=\/wp\/v2\/posts\/1029"}],"collection":[{"href":"http:\/\/www.paludzka.fara.sk\/index.php?rest_route=\/wp\/v2\/posts"}],"about":[{"href":"http:\/\/www.paludzka.fara.sk\/index.php?rest_route=\/wp\/v2\/types\/post"}],"author":[{"embeddable":true,"href":"http:\/\/www.paludzka.fara.sk\/index.php?rest_route=\/wp\/v2\/users\/1"}],"replies":[{"embeddable":true,"href":"http:\/\/www.paludzka.fara.sk\/index.php?rest_route=%2Fwp%2Fv2%2Fcomments&post=1029"}],"version-history":[{"count":2,"href":"http:\/\/www.paludzka.fara.sk\/index.php?rest_route=\/wp\/v2\/posts\/1029\/revisions"}],"predecessor-version":[{"id":1034,"href":"http:\/\/www.paludzka.fara.sk\/index.php?rest_route=\/wp\/v2\/posts\/1029\/revisions\/1034"}],"wp:attachment":[{"href":"http:\/\/www.paludzka.fara.sk\/index.php?rest_route=%2Fwp%2Fv2%2Fmedia&parent=1029"}],"wp:term":[{"taxonomy":"category","embeddable":true,"href":"http:\/\/www.paludzka.fara.sk\/index.php?rest_route=%2Fwp%2Fv2%2Fcategories&post=1029"},{"taxonomy":"post_tag","embeddable":true,"href":"http:\/\/www.paludzka.fara.sk\/index.php?rest_route=%2Fwp%2Fv2%2Ftags&post=1029"}],"curies":[{"name":"wp","href":"https:\/\/api.w.org\/{rel}","templated":true}]}}