
{"id":1025,"date":"2019-05-12T00:00:25","date_gmt":"2019-05-11T22:00:25","guid":{"rendered":"http:\/\/www.paludzka.fara.sk\/?p=1025"},"modified":"2019-05-12T12:49:14","modified_gmt":"2019-05-12T10:49:14","slug":"farske-oznamy-12-5-19-5-2019","status":"publish","type":"post","link":"http:\/\/www.paludzka.fara.sk\/?p=1025","title":{"rendered":"Farsk\u00e9 oznamy 12.5.-19.5.2019"},"content":{"rendered":"<h3 style=\"text-align: center;\">Liturgick\u00fd preh\u013ead a program bohoslu\u017eieb na t\u00fd\u017ede\u0148 12.5. &#8211; 19.5. 2019<\/h3>\n<p><strong>Oznamy pre farsk\u00fd kostol:<\/strong><\/p>\n<div class=\"table-responsive\">\n<table class=\"table table-bordered\">\n<thead>\n<tr>\n<th style=\"text-align: center;\">d\u00e1tum<\/th>\n<th style=\"text-align: center;\">sv. om\u0161a<\/th>\n<th style=\"text-align: center;\">liturgick\u00fd de\u0148<\/th>\n<th style=\"text-align: center;\">\u00famysel<\/th>\n<\/tr>\n<\/thead>\n<tbody>\n<tr>\n<td style=\"text-align: center;\"><strong>Nede\u013ea 12.5.<\/strong><\/td>\n<td style=\"text-align: center;\"><strong>9:30<\/strong><\/td>\n<td style=\"text-align: center;\"><strong>4. ve\u013ekono\u010dn\u00e1 nede\u013ea<\/strong><\/td>\n<td style=\"text-align: center;\"><strong>za farnos\u0165<\/strong><\/td>\n<\/tr>\n<tr>\n<td style=\"text-align: center;\">Pondelok 13.5.<\/td>\n<td style=\"text-align: center;\">18:00<\/td>\n<td style=\"text-align: center;\">Panny M\u00e1rie Fatimskej<\/td>\n<td style=\"text-align: center;\">+ Pavel a rodi\u010dia<\/td>\n<\/tr>\n<tr>\n<td style=\"text-align: center;\">Utorok 14.5.<\/td>\n<td style=\"text-align: center;\">18:00<\/td>\n<td style=\"text-align: center;\"><em>Sv\u00e4t\u00e9ho Mateja, apo\u0161tola<\/em><\/td>\n<td style=\"text-align: center;\">+ Peter, \u017dofia, Ladislav<\/td>\n<\/tr>\n<tr>\n<td style=\"text-align: center;\">Streda 15.5.<\/td>\n<td style=\"text-align: center;\">18:00<\/td>\n<td style=\"text-align: center;\">Streda po 4. ve\u013ekono\u010dnej nedeli<\/td>\n<td style=\"text-align: center;\">+ Alena<\/td>\n<\/tr>\n<tr>\n<td style=\"text-align: center;\">\u0160tvrtok 16.5.<\/td>\n<td style=\"text-align: center;\">7:00<\/td>\n<td style=\"text-align: center;\">Sv\u00e4t\u00e9ho J\u00e1na Nepomuck\u00e9ho,<\/p>\n<p>k\u0148aza a mu\u010den\u00edka<\/td>\n<td style=\"text-align: center;\">+ Juraj a rodina<\/td>\n<\/tr>\n<tr>\n<td style=\"text-align: center;\">Piatok 17.5.<\/td>\n<td style=\"text-align: center;\">18:00<\/td>\n<td style=\"text-align: center;\">Piatok po 4. ve\u013ekono\u010dnej nedeli<\/td>\n<td style=\"text-align: center;\">+ Adolf, Val\u00e9ria<\/td>\n<\/tr>\n<tr>\n<td style=\"text-align: center;\">Sobota 18.5.<\/td>\n<td style=\"text-align: center;\">8:00<\/td>\n<td style=\"text-align: center;\">Sobota po 4. ve\u013ekono\u010dnej nedeli<\/td>\n<td style=\"text-align: center;\">+ Sv\u00e4topluk a rodi\u010dia<\/td>\n<\/tr>\n<tr>\n<td style=\"text-align: center;\"><strong>Nede\u013ea 19.5.<\/strong><\/td>\n<td style=\"text-align: center;\"><strong>9:30<\/strong><\/td>\n<td style=\"text-align: center;\"><strong>5. ve\u013ekono\u010dn\u00e1 nede\u013ea<\/strong><\/td>\n<td style=\"text-align: center;\"><strong>za farnos\u0165<\/strong><\/td>\n<\/tr>\n<\/tbody>\n<\/table>\n<\/div>\n<p><strong>Oznamy pre fili\u00e1lku Bodice:<\/strong><\/p>\n<div class=\"table-responsive\">\n<table class=\"table table-bordered\">\n<thead>\n<tr>\n<th style=\"text-align: center;\">d\u00e1tum<\/th>\n<th style=\"text-align: center;\">sv. om\u0161a<\/th>\n<th style=\"text-align: center;\">liturgick\u00fd de\u0148<\/th>\n<\/tr>\n<\/thead>\n<tbody>\n<tr>\n<td style=\"text-align: center;\"><strong>Nede\u013ea 12.5.<\/strong><\/td>\n<td style=\"text-align: center;\"><b>8:00<\/b><\/td>\n<td style=\"text-align: center;\"><strong>4. ve\u013ekono\u010dn\u00e1 nede\u013ea<\/strong><\/td>\n<\/tr>\n<tr>\n<td style=\"text-align: center;\"><strong>Nede\u013ea 19.5.<\/strong><\/td>\n<td style=\"text-align: center;\"><strong style=\"font-family: inherit; font-size: inherit;\">8:00<\/strong><\/td>\n<td style=\"text-align: center;\"><strong>5. ve\u013ekono\u010dn\u00e1 nede\u013ea<\/strong><\/td>\n<\/tr>\n<\/tbody>\n<\/table>\n<\/div>\n<ul>\n<li>upratovanie kostola v tomto t\u00fd\u017edni: pod\u013ea <a href=\"http:\/\/www.paludzka.fara.sk\/?p=481\">rozpisu<\/a><\/li>\n<li>spevokol dospel\u00fdch m\u00e1 n\u00e1cvik v stredu po ve\u010dernej sv\u00e4tej om\u0161i.<\/li>\n<li>v mesiaci m\u00e1j sa budeme stret\u00e1va\u0165 pri m\u00e1jov\u00fdch pobo\u017enostiach. Za\u010diatok je 10 min\u00fat pre ka\u017edou ve\u010dernou sv\u00e4tou om\u0161ou.<\/li>\n<li>stretnutia det\u00ed, ktor\u00e9 id\u00fa na 1. sv\u00e4t\u00e9 prij\u00edmanie v na\u0161ej farnosti, bud\u00fa b\u00fdva\u0165 v\u017edy v piatok o 18:30. \u00da\u010das\u0165 je nutn\u00e1!<\/li>\n<li>sl\u00e1vnos\u0165 1. sv\u00e4t\u00e9ho prij\u00edmania v na\u0161ej farnosti bude v nede\u013eu 26. m\u00e1ja o 9:30.<\/li>\n<li>dnes (12.5.) je zbierka na semin\u00e1r. V\u0161etk\u00fdm darcom P\u00e1n Boh zapla\u0165!<\/li>\n<\/ul>\n","protected":false},"excerpt":{"rendered":"<p>Liturgick\u00fd preh\u013ead a program bohoslu\u017eieb na t\u00fd\u017ede\u0148 12.5. &#8211; 19.5. 2019 Oznamy pre farsk\u00fd kostol: d\u00e1tum sv. om\u0161a liturgick\u00fd de\u0148 \u00famysel Nede\u013ea 12.5. 9:30 4. ve\u013ekono\u010dn\u00e1 nede\u013ea za farnos\u0165 Pondelok 13.5. 18:00 Panny M\u00e1rie Fatimskej + Pavel a rodi\u010dia Utorok 14.5. 18:00 Sv\u00e4t\u00e9ho Mateja, apo\u0161tola + Peter, \u017dofia, Ladislav Streda 15.5. 18:00 Streda po 4. [&hellip;]<\/p>\n","protected":false},"author":1,"featured_media":0,"comment_status":"closed","ping_status":"closed","sticky":false,"template":"","format":"standard","meta":{"_links_to":"","_links_to_target":""},"categories":[4,19],"tags":[],"_links":{"self":[{"href":"http:\/\/www.paludzka.fara.sk\/index.php?rest_route=\/wp\/v2\/posts\/1025"}],"collection":[{"href":"http:\/\/www.paludzka.fara.sk\/index.php?rest_route=\/wp\/v2\/posts"}],"about":[{"href":"http:\/\/www.paludzka.fara.sk\/index.php?rest_route=\/wp\/v2\/types\/post"}],"author":[{"embeddable":true,"href":"http:\/\/www.paludzka.fara.sk\/index.php?rest_route=\/wp\/v2\/users\/1"}],"replies":[{"embeddable":true,"href":"http:\/\/www.paludzka.fara.sk\/index.php?rest_route=%2Fwp%2Fv2%2Fcomments&post=1025"}],"version-history":[{"count":1,"href":"http:\/\/www.paludzka.fara.sk\/index.php?rest_route=\/wp\/v2\/posts\/1025\/revisions"}],"predecessor-version":[{"id":1026,"href":"http:\/\/www.paludzka.fara.sk\/index.php?rest_route=\/wp\/v2\/posts\/1025\/revisions\/1026"}],"wp:attachment":[{"href":"http:\/\/www.paludzka.fara.sk\/index.php?rest_route=%2Fwp%2Fv2%2Fmedia&parent=1025"}],"wp:term":[{"taxonomy":"category","embeddable":true,"href":"http:\/\/www.paludzka.fara.sk\/index.php?rest_route=%2Fwp%2Fv2%2Fcategories&post=1025"},{"taxonomy":"post_tag","embeddable":true,"href":"http:\/\/www.paludzka.fara.sk\/index.php?rest_route=%2Fwp%2Fv2%2Ftags&post=1025"}],"curies":[{"name":"wp","href":"https:\/\/api.w.org\/{rel}","templated":true}]}}