
{"id":1019,"date":"2019-05-05T00:00:23","date_gmt":"2019-05-04T22:00:23","guid":{"rendered":"http:\/\/www.paludzka.fara.sk\/?p=1019"},"modified":"2019-05-06T19:10:21","modified_gmt":"2019-05-06T17:10:21","slug":"farske-oznamy-5-5-12-5-2019","status":"publish","type":"post","link":"http:\/\/www.paludzka.fara.sk\/?p=1019","title":{"rendered":"Farsk\u00e9 oznamy 5.5.-12.5.2019"},"content":{"rendered":"<h3 style=\"text-align: center;\">Liturgick\u00fd preh\u013ead a program bohoslu\u017eieb na t\u00fd\u017ede\u0148 5.5. &#8211; 12.5. 2019<\/h3>\n<p><strong>Oznamy pre farsk\u00fd kostol:<\/strong><\/p>\n<div class=\"table-responsive\">\n<table class=\"table table-bordered\">\n<thead>\n<tr>\n<th style=\"text-align: center;\">d\u00e1tum<\/th>\n<th style=\"text-align: center;\">sv. om\u0161a<\/th>\n<th style=\"text-align: center;\">liturgick\u00fd de\u0148<\/th>\n<th style=\"text-align: center;\">\u00famysel<\/th>\n<\/tr>\n<\/thead>\n<tbody>\n<tr>\n<td style=\"text-align: center;\"><strong>Nede\u013ea 5.5.<\/strong><\/td>\n<td style=\"text-align: center;\"><strong>9:30<\/strong><\/td>\n<td style=\"text-align: center;\"><strong>3. ve\u013ekono\u010dn\u00e1 nede\u013ea<\/strong><\/td>\n<td style=\"text-align: center;\"><strong>za farnos\u0165<\/strong><\/td>\n<\/tr>\n<tr>\n<td style=\"text-align: center;\">Pondelok 6.5.<\/td>\n<td style=\"text-align: center;\">18:00<\/td>\n<td style=\"text-align: center;\">Pondelok po 3. ve\u013ekono\u010dnej nedeli<\/td>\n<td style=\"text-align: center;\">na \u00famysel<\/td>\n<\/tr>\n<tr>\n<td style=\"text-align: center;\">Utorok 7.5.<\/td>\n<td style=\"text-align: center;\">18:00<\/td>\n<td style=\"text-align: center;\">Utorok po 3. ve\u013ekono\u010dnej nedeli<\/td>\n<td style=\"text-align: center;\">+ Igor, Milo\u0161, Juraj<\/td>\n<\/tr>\n<tr>\n<td style=\"text-align: center;\">Streda 8.5.<\/td>\n<td style=\"text-align: center;\">18:00<\/td>\n<td style=\"text-align: center;\">Streda po 3. ve\u013ekono\u010dnej nedeli<\/td>\n<td style=\"text-align: center;\">na \u00famysel<\/td>\n<\/tr>\n<tr>\n<td style=\"text-align: center;\">\u0160tvrtok 9.5.<\/td>\n<td style=\"text-align: center;\">7:00<\/td>\n<td style=\"text-align: center;\">\u0160tvrtok po 3. ve\u013ekono\u010dnej nedeli<\/td>\n<td style=\"text-align: center;\">+ Karol, Marta<\/td>\n<\/tr>\n<tr>\n<td style=\"text-align: center;\">Piatok 10.5.<\/td>\n<td style=\"text-align: center;\">18:00<\/td>\n<td style=\"text-align: center;\">Piatok po 3. ve\u013ekono\u010dnej nedeli<\/td>\n<td style=\"text-align: center;\">na \u00famysel<\/td>\n<\/tr>\n<tr>\n<td style=\"text-align: center;\">Sobota 11.5.<\/td>\n<td style=\"text-align: center;\">8:00<\/td>\n<td style=\"text-align: center;\">Sobota po 3. ve\u013ekono\u010dnej nedeli<\/td>\n<td style=\"text-align: center;\">+ Flori\u00e1n, Elena<\/td>\n<\/tr>\n<tr>\n<td style=\"text-align: center;\"><strong>Nede\u013ea 12.5.<\/strong><\/td>\n<td style=\"text-align: center;\"><strong>9:30<\/strong><\/td>\n<td style=\"text-align: center;\"><strong>4. ve\u013ekono\u010dn\u00e1 nede\u013ea<\/strong><\/td>\n<td style=\"text-align: center;\"><strong>za farnos\u0165<\/strong><\/td>\n<\/tr>\n<\/tbody>\n<\/table>\n<\/div>\n<p><strong>Oznamy pre fili\u00e1lku Bodice:<\/strong><\/p>\n<div class=\"table-responsive\">\n<table class=\"table table-bordered\">\n<thead>\n<tr>\n<th style=\"text-align: center;\">d\u00e1tum<\/th>\n<th style=\"text-align: center;\">sv. om\u0161a<\/th>\n<th style=\"text-align: center;\">liturgick\u00fd de\u0148<\/th>\n<\/tr>\n<\/thead>\n<tbody>\n<tr>\n<td style=\"text-align: center;\"><strong>Nede\u013ea 5.5.<\/strong><\/td>\n<td style=\"text-align: center;\"><b>8:00<\/b><\/td>\n<td style=\"text-align: center;\"><strong>3. ve\u013ekono\u010dn\u00e1 nede\u013ea<\/strong><\/td>\n<\/tr>\n<tr>\n<td style=\"text-align: center;\"><strong>Nede\u013ea 12.5.<\/strong><\/td>\n<td style=\"text-align: center;\"><strong style=\"font-family: inherit; font-size: inherit;\">8:00<\/strong><\/td>\n<td style=\"text-align: center;\"><strong>4. ve\u013ekono\u010dn\u00e1 nede\u013ea<\/strong><\/td>\n<\/tr>\n<\/tbody>\n<\/table>\n<\/div>\n<ul>\n<li>upratovanie kostola v tomto t\u00fd\u017edni: pod\u013ea <a href=\"http:\/\/www.paludzka.fara.sk\/?p=481\">rozpisu<\/a><\/li>\n<li>spevokol dospel\u00fdch m\u00e1 n\u00e1cvik v stredu po ve\u010dernej sv\u00e4tej om\u0161i.<\/li>\n<li>12.5. je 4. ve\u013ekono\u010dn\u00e1 nede\u013ea &#8211; Nede\u013ea dobr\u00e9ho pastiera. V tomto \u010dase sa viac prihov\u00e1rame a modl\u00edme za duchovn\u00e9 povolania.<\/li>\n<li>Na Nede\u013eu dobr\u00e9ho pastiera sa kon\u00e1 tradi\u010dn\u00e1 zbierka na semin\u00e1r. V\u0161etk\u00fdm darcom P\u00e1n Boh zapla\u0165!<\/li>\n<li>V mesiaci m\u00e1j sa budeme stret\u00e1va\u0165 pri m\u00e1jov\u00fdch pobo\u017enostiach. Za\u010diatok je 10 min\u00fat pre ka\u017edou ve\u010dernou sv\u00e4tou om\u0161ou.<\/li>\n<li>Stretnutia det\u00ed, ktor\u00e9 id\u00fa na 1. sv\u00e4t\u00e9 prij\u00edmanie v na\u0161ej farnosti, bud\u00fa b\u00fdva\u0165 v\u017edy v piatok o 18:30. \u00da\u010das\u0165 je nutn\u00e1!<\/li>\n<li>Sl\u00e1vnos\u0165 1. sv\u00e4t\u00e9ho prij\u00edmania v na\u0161ej farnosti bude v nede\u013eu, 26. m\u00e1ja o 9: 30 hod.<\/li>\n<\/ul>\n","protected":false},"excerpt":{"rendered":"<p>Liturgick\u00fd preh\u013ead a program bohoslu\u017eieb na t\u00fd\u017ede\u0148 5.5. &#8211; 12.5. 2019 Oznamy pre farsk\u00fd kostol: d\u00e1tum sv. om\u0161a liturgick\u00fd de\u0148 \u00famysel Nede\u013ea 5.5. 9:30 3. ve\u013ekono\u010dn\u00e1 nede\u013ea za farnos\u0165 Pondelok 6.5. 18:00 Pondelok po 3. ve\u013ekono\u010dnej nedeli na \u00famysel Utorok 7.5. 18:00 Utorok po 3. ve\u013ekono\u010dnej nedeli + Igor, Milo\u0161, Juraj Streda 8.5. 18:00 Streda [&hellip;]<\/p>\n","protected":false},"author":1,"featured_media":0,"comment_status":"closed","ping_status":"closed","sticky":false,"template":"","format":"standard","meta":{"_links_to":"","_links_to_target":""},"categories":[4,19],"tags":[],"_links":{"self":[{"href":"http:\/\/www.paludzka.fara.sk\/index.php?rest_route=\/wp\/v2\/posts\/1019"}],"collection":[{"href":"http:\/\/www.paludzka.fara.sk\/index.php?rest_route=\/wp\/v2\/posts"}],"about":[{"href":"http:\/\/www.paludzka.fara.sk\/index.php?rest_route=\/wp\/v2\/types\/post"}],"author":[{"embeddable":true,"href":"http:\/\/www.paludzka.fara.sk\/index.php?rest_route=\/wp\/v2\/users\/1"}],"replies":[{"embeddable":true,"href":"http:\/\/www.paludzka.fara.sk\/index.php?rest_route=%2Fwp%2Fv2%2Fcomments&post=1019"}],"version-history":[{"count":2,"href":"http:\/\/www.paludzka.fara.sk\/index.php?rest_route=\/wp\/v2\/posts\/1019\/revisions"}],"predecessor-version":[{"id":1024,"href":"http:\/\/www.paludzka.fara.sk\/index.php?rest_route=\/wp\/v2\/posts\/1019\/revisions\/1024"}],"wp:attachment":[{"href":"http:\/\/www.paludzka.fara.sk\/index.php?rest_route=%2Fwp%2Fv2%2Fmedia&parent=1019"}],"wp:term":[{"taxonomy":"category","embeddable":true,"href":"http:\/\/www.paludzka.fara.sk\/index.php?rest_route=%2Fwp%2Fv2%2Fcategories&post=1019"},{"taxonomy":"post_tag","embeddable":true,"href":"http:\/\/www.paludzka.fara.sk\/index.php?rest_route=%2Fwp%2Fv2%2Ftags&post=1019"}],"curies":[{"name":"wp","href":"https:\/\/api.w.org\/{rel}","templated":true}]}}