
{"id":1015,"date":"2019-04-28T00:00:13","date_gmt":"2019-04-27T22:00:13","guid":{"rendered":"http:\/\/www.paludzka.fara.sk\/?p=1015"},"modified":"2019-04-30T19:38:07","modified_gmt":"2019-04-30T17:38:07","slug":"farske-oznamy-28-4-5-5-2019","status":"publish","type":"post","link":"http:\/\/www.paludzka.fara.sk\/?p=1015","title":{"rendered":"Farsk\u00e9 oznamy 28.4.-5.5.2019"},"content":{"rendered":"<h3 style=\"text-align: center;\">Liturgick\u00fd preh\u013ead a program bohoslu\u017eieb na t\u00fd\u017ede\u0148 28.4. &#8211; 5.5. 2019<\/h3>\n<p><strong>Oznamy pre farsk\u00fd kostol:<\/strong><\/p>\n<div class=\"table-responsive\">\n<table class=\"table table-bordered\">\n<thead>\n<tr>\n<th style=\"text-align: center;\">d\u00e1tum<\/th>\n<th style=\"text-align: center;\">sv. om\u0161a<\/th>\n<th style=\"text-align: center;\">liturgick\u00fd de\u0148<\/th>\n<th style=\"text-align: center;\">\u00famysel<\/th>\n<\/tr>\n<\/thead>\n<tbody>\n<tr>\n<td style=\"text-align: center;\"><strong>Nede\u013ea 28.4.<\/strong><\/td>\n<td style=\"text-align: center;\"><strong>9:30<\/strong><\/td>\n<td style=\"text-align: center;\"><strong>2. ve\u013ekono\u010dn\u00e1 nede\u013ea<\/strong><\/p>\n<p><strong>Nede\u013ea Bo\u017eieho milosrdenstva<\/strong><\/td>\n<td style=\"text-align: center;\"><strong>za farnos\u0165<\/strong><\/td>\n<\/tr>\n<tr>\n<td style=\"text-align: center;\">Pondelok 29.4.<\/td>\n<td style=\"text-align: center;\">18:00<\/td>\n<td style=\"text-align: center;\">Sv\u00e4tej Katar\u00edny Sienskej, panny a u\u010dite\u013eky Cirkvi<\/td>\n<td style=\"text-align: center;\">na \u00famysel<\/td>\n<\/tr>\n<tr>\n<td style=\"text-align: center;\">Utorok 30.4.<\/td>\n<td style=\"text-align: center;\"><strong>7:00<\/strong><\/td>\n<td style=\"text-align: center;\">Utorok po 2. ve\u013ekono\u010dnej nedeli<\/td>\n<td style=\"text-align: center;\">na \u00famysel<\/td>\n<\/tr>\n<tr>\n<td style=\"text-align: center;\">Streda 1.5.<\/td>\n<td style=\"text-align: center;\">18:00<\/td>\n<td style=\"text-align: center;\">Streda po 2. ve\u013ekono\u010dnej nedeli<\/td>\n<td style=\"text-align: center;\">na \u00famysel<\/td>\n<\/tr>\n<tr>\n<td style=\"text-align: center;\">\u0160tvrtok 2.5.<\/td>\n<td style=\"text-align: center;\">7:00<\/td>\n<td style=\"text-align: center;\">Sv\u00e4t\u00e9ho Atan\u00e1za, biskupa a u\u010dite\u013ea Cirkvi<\/td>\n<td style=\"text-align: center;\">+ Jozef, k\u0148az<\/td>\n<\/tr>\n<tr>\n<td style=\"text-align: center;\">Piatok 3.5.<\/td>\n<td style=\"text-align: center;\">18:00<\/td>\n<td style=\"text-align: center;\">Sv\u00e4t\u00e9ho Filipa a Jakuba, apo\u0161tolov<\/td>\n<td style=\"text-align: center;\">na \u00famysel<\/td>\n<\/tr>\n<tr>\n<td style=\"text-align: center;\">Sobota 4.5.<\/td>\n<td style=\"text-align: center;\">8:00<\/td>\n<td style=\"text-align: center;\">Sobota po 2. ve\u013ekono\u010dnej nedeli<\/td>\n<td style=\"text-align: center;\">na \u00famysel<\/td>\n<\/tr>\n<tr>\n<td style=\"text-align: center;\"><strong>Nede\u013ea 5.5.<\/strong><\/td>\n<td style=\"text-align: center;\"><strong>9:30<\/strong><\/td>\n<td style=\"text-align: center;\"><strong>3. ve\u013ekono\u010dn\u00e1 nede\u013ea<\/strong><\/td>\n<td style=\"text-align: center;\"><strong>za farnos\u0165<\/strong><\/td>\n<\/tr>\n<\/tbody>\n<\/table>\n<\/div>\n<p><strong>Oznamy pre fili\u00e1lku Bodice:<\/strong><\/p>\n<div class=\"table-responsive\">\n<table class=\"table table-bordered\">\n<thead>\n<tr>\n<th style=\"text-align: center;\">d\u00e1tum<\/th>\n<th style=\"text-align: center;\">sv. om\u0161a<\/th>\n<th style=\"text-align: center;\">liturgick\u00fd de\u0148<\/th>\n<\/tr>\n<\/thead>\n<tbody>\n<tr>\n<td style=\"text-align: center;\"><strong>Nede\u013ea 28.4.<\/strong><\/td>\n<td style=\"text-align: center;\"><b>8:00<\/b><\/td>\n<td style=\"text-align: center;\"><strong>2. ve\u013ekono\u010dn\u00e1 nede\u013ea<\/strong><\/p>\n<p><strong>Nede\u013ea Bo\u017eieho milosrdenstva<\/strong><\/td>\n<\/tr>\n<tr>\n<td style=\"text-align: center;\">Piatok 3.5.<\/td>\n<td style=\"text-align: center;\">17:00<\/td>\n<td style=\"text-align: center;\">Sv\u00e4t\u00e9ho Filipa a Jakuba, apo\u0161tolov<\/td>\n<\/tr>\n<tr>\n<td style=\"text-align: center;\"><strong>Nede\u013ea 5.5.<\/strong><\/td>\n<td style=\"text-align: center;\"><strong style=\"font-family: inherit; font-size: inherit;\">8:00<\/strong><\/td>\n<td style=\"text-align: center;\"><strong>3. ve\u013ekono\u010dn\u00e1 nede\u013ea<\/strong><\/td>\n<\/tr>\n<\/tbody>\n<\/table>\n<\/div>\n<ul>\n<li>upratovanie kostola v tomto t\u00fd\u017edni: pod\u013ea <a href=\"http:\/\/www.paludzka.fara.sk\/?p=481\">rozpisu<\/a><\/li>\n<li>dnes (28.4.) bude o 15:00 pobo\u017enos\u0165 k Bo\u017eiemu milosrdenstvu.<\/li>\n<li>v tomto t\u00fd\u017edni je 1. piatok v mesiaci m\u00e1j. Spovedanie v Pal\u00fadzke: pondelok, streda 17:30-18:00, piatok 14-16:00. Spovedanie v Bodiciach: piatok 16:30-17:00.<\/li>\n<li>V mesiaci m\u00e1j sa budeme stret\u00e1va\u0165 pri m\u00e1jov\u00fdch pobo\u017enostiach. Za\u010diatok je 10 min\u00fat pre ka\u017edou ve\u010dernou sv\u00e4tou om\u0161ou.<\/li>\n<li>\u00damysly sv\u00e4t\u00fdch om\u0161\u00ed na mesiac m\u00e1j si m\u00f4\u017eete nahl\u00e1si\u0165 od pondelka, po skon\u010den\u00ed ve\u010dernej sv\u00e4tej om\u0161e.<\/li>\n<li>Stretnutia det\u00ed, ktor\u00e9 id\u00fa na 1. sv\u00e4t\u00e9 prij\u00edmanie v na\u0161ej farnosti, bud\u00fa b\u00fdva\u0165 v\u017edy v piatok o 18:30. \u00da\u010das\u0165 je nutn\u00e1!<\/li>\n<li>Sl\u00e1vnos\u0165 1. sv\u00e4t\u00e9ho prij\u00edmania v na\u0161ej farnosti bude v nede\u013eu, 26. m\u00e1ja o 9: 30 hod.<\/li>\n<\/ul>\n","protected":false},"excerpt":{"rendered":"<p>Liturgick\u00fd preh\u013ead a program bohoslu\u017eieb na t\u00fd\u017ede\u0148 28.4. &#8211; 5.5. 2019 Oznamy pre farsk\u00fd kostol: d\u00e1tum sv. om\u0161a liturgick\u00fd de\u0148 \u00famysel Nede\u013ea 28.4. 9:30 2. ve\u013ekono\u010dn\u00e1 nede\u013ea Nede\u013ea Bo\u017eieho milosrdenstva za farnos\u0165 Pondelok 29.4. 18:00 Sv\u00e4tej Katar\u00edny Sienskej, panny a u\u010dite\u013eky Cirkvi na \u00famysel Utorok 30.4. 7:00 Utorok po 2. ve\u013ekono\u010dnej nedeli na \u00famysel Streda [&hellip;]<\/p>\n","protected":false},"author":1,"featured_media":0,"comment_status":"closed","ping_status":"closed","sticky":false,"template":"","format":"standard","meta":{"_links_to":"","_links_to_target":""},"categories":[4,19],"tags":[],"_links":{"self":[{"href":"http:\/\/www.paludzka.fara.sk\/index.php?rest_route=\/wp\/v2\/posts\/1015"}],"collection":[{"href":"http:\/\/www.paludzka.fara.sk\/index.php?rest_route=\/wp\/v2\/posts"}],"about":[{"href":"http:\/\/www.paludzka.fara.sk\/index.php?rest_route=\/wp\/v2\/types\/post"}],"author":[{"embeddable":true,"href":"http:\/\/www.paludzka.fara.sk\/index.php?rest_route=\/wp\/v2\/users\/1"}],"replies":[{"embeddable":true,"href":"http:\/\/www.paludzka.fara.sk\/index.php?rest_route=%2Fwp%2Fv2%2Fcomments&post=1015"}],"version-history":[{"count":3,"href":"http:\/\/www.paludzka.fara.sk\/index.php?rest_route=\/wp\/v2\/posts\/1015\/revisions"}],"predecessor-version":[{"id":1018,"href":"http:\/\/www.paludzka.fara.sk\/index.php?rest_route=\/wp\/v2\/posts\/1015\/revisions\/1018"}],"wp:attachment":[{"href":"http:\/\/www.paludzka.fara.sk\/index.php?rest_route=%2Fwp%2Fv2%2Fmedia&parent=1015"}],"wp:term":[{"taxonomy":"category","embeddable":true,"href":"http:\/\/www.paludzka.fara.sk\/index.php?rest_route=%2Fwp%2Fv2%2Fcategories&post=1015"},{"taxonomy":"post_tag","embeddable":true,"href":"http:\/\/www.paludzka.fara.sk\/index.php?rest_route=%2Fwp%2Fv2%2Ftags&post=1015"}],"curies":[{"name":"wp","href":"https:\/\/api.w.org\/{rel}","templated":true}]}}