
{"id":1004,"date":"2019-04-14T00:00:59","date_gmt":"2019-04-13T22:00:59","guid":{"rendered":"http:\/\/www.paludzka.fara.sk\/?p=1004"},"modified":"2019-04-20T23:40:37","modified_gmt":"2019-04-20T21:40:37","slug":"farske-oznamy-na-velky-tyzden-14-4-21-4-2018","status":"publish","type":"post","link":"http:\/\/www.paludzka.fara.sk\/?p=1004","title":{"rendered":"Farsk\u00e9 oznamy na Ve\u013ek\u00fd t\u00fd\u017ede\u0148 14.4.-21.4.2019"},"content":{"rendered":"<h3 style=\"text-align: center;\">Liturgick\u00fd preh\u013ead a program bohoslu\u017eieb na t\u00fd\u017ede\u0148 14.4. &#8211; 21.4. 2019<\/h3>\n<p><strong>Oznamy pre farsk\u00fd kostol:<\/strong><\/p>\n<div class=\"table-responsive\">\n<table class=\"table table-bordered\">\n<thead>\n<tr>\n<th style=\"text-align: center;\">d\u00e1tum<\/th>\n<th style=\"text-align: center;\">sv. om\u0161a<\/th>\n<th style=\"text-align: center;\">liturgick\u00fd de\u0148<\/th>\n<th style=\"text-align: center;\">\u00famysel<\/th>\n<\/tr>\n<\/thead>\n<tbody>\n<tr>\n<td style=\"text-align: center;\"><strong>Nede\u013ea 14.4.<\/strong><\/td>\n<td style=\"text-align: center;\"><strong>9:30<\/strong><\/td>\n<td style=\"text-align: center;\"><strong>Kvetn\u00e1 nede\u013ea &#8211; nede\u013ea utrpenia P\u00e1na<\/strong><\/td>\n<td style=\"text-align: center;\"><strong>za farnos\u0165<\/strong><\/td>\n<\/tr>\n<tr>\n<td style=\"text-align: center;\">Pondelok 15.4.<\/td>\n<td style=\"text-align: center;\">18:00<\/td>\n<td style=\"text-align: center;\">Pondelok Ve\u013ek\u00e9ho t\u00fd\u017ed\u0148a<\/td>\n<td style=\"text-align: center;\">+ Mat\u00fa\u0161<\/td>\n<\/tr>\n<tr>\n<td style=\"text-align: center;\">Utorok 16.4.<\/td>\n<td style=\"text-align: center;\">18:00<\/td>\n<td style=\"text-align: center;\">Utorok Ve\u013ek\u00e9ho t\u00fd\u017ed\u0148a<\/td>\n<td style=\"text-align: center;\">na \u00famysel<\/td>\n<\/tr>\n<tr>\n<td style=\"text-align: center;\">Streda 17.4.<\/td>\n<td style=\"text-align: center;\">7:00<\/td>\n<td style=\"text-align: center;\">Streda Ve\u013ek\u00e9ho t\u00fd\u017ed\u0148a<\/td>\n<td style=\"text-align: center;\">+ Du\u0161an<\/td>\n<\/tr>\n<tr>\n<td style=\"text-align: center;\">\u0160tvrtok 18.4.<\/td>\n<td style=\"text-align: center;\"><strong>18:00<\/strong><\/td>\n<td style=\"text-align: center;\"><strong>\u0160tvrtok Ve\u013ek\u00e9ho t\u00fd\u017ed\u0148a<\/strong><\/p>\n<p><strong>Zelen\u00fd \u0161tvrtok P\u00e1novej ve\u010dere<\/strong><\/td>\n<td style=\"text-align: center;\"><\/td>\n<\/tr>\n<tr>\n<td style=\"text-align: center;\">Piatok 19.4.<\/td>\n<td style=\"text-align: center;\"><strong>15:00<\/strong><\/td>\n<td style=\"text-align: center;\"><strong>Ve\u013ek\u00fd Piatok<\/strong><\/p>\n<p><strong>Sl\u00e1nos\u0165 utrpenia a smrti P\u00e1na<\/strong><\/p>\n<p>(obrady)<\/td>\n<td style=\"text-align: center;\"><\/td>\n<\/tr>\n<tr>\n<td style=\"text-align: center;\">Sobota 20.4.<\/td>\n<td style=\"text-align: center;\"><strong>18:30<\/strong><\/td>\n<td style=\"text-align: center;\"><strong>Biela Sobota<\/strong><\/p>\n<p><strong>Ve\u013ekono\u010dn\u00e1 vig\u00edlia<\/strong><\/td>\n<td style=\"text-align: center;\"><\/td>\n<\/tr>\n<tr>\n<td style=\"text-align: center;\"><strong>Nede\u013ea 21.4.<\/strong><\/td>\n<td style=\"text-align: center;\"><strong>9:30<\/strong><\/td>\n<td style=\"text-align: center;\"><strong>Ve\u013ekono\u010dn\u00e1 nede\u013ea P\u00e1novho zm\u0155tv\u00fdchvstania<\/strong><\/td>\n<td style=\"text-align: center;\"><strong>za farnos\u0165<\/strong><\/td>\n<\/tr>\n<\/tbody>\n<\/table>\n<\/div>\n<p><strong>Oznamy pre fili\u00e1lku Bodice:<\/strong><\/p>\n<div class=\"table-responsive\">\n<table class=\"table table-bordered\">\n<thead>\n<tr>\n<th style=\"text-align: center;\">d\u00e1tum<\/th>\n<th style=\"text-align: center;\">sv. om\u0161a<\/th>\n<th style=\"text-align: center;\">liturgick\u00fd de\u0148<\/th>\n<\/tr>\n<\/thead>\n<tbody>\n<tr>\n<td style=\"text-align: center;\"><strong>Nede\u013ea 14.4.<\/strong><\/td>\n<td style=\"text-align: center;\"><b>8:00<\/b><\/td>\n<td style=\"text-align: center;\"><strong>Kvetn\u00e1 nede\u013ea &#8211; nede\u013ea utrpenia P\u00e1na<\/strong><\/td>\n<\/tr>\n<tr>\n<td style=\"text-align: center;\"><strong>Nede\u013ea 21.4.<\/strong><\/td>\n<td style=\"text-align: center;\"><strong style=\"font-family: inherit; font-size: inherit;\">8:00<\/strong><\/td>\n<td style=\"text-align: center;\"><strong>Ve\u013ekono\u010dn\u00e1 nede\u013ea P\u00e1novho zm\u0155tv\u00fdchvstania<\/strong><\/td>\n<\/tr>\n<\/tbody>\n<\/table>\n<\/div>\n<ul>\n<li>na Zelen\u00fd \u0161tvrtok bude od 19:30 do 21:00 poklona k najsv\u00e4tej\u0161ej sviatosti olt\u00e1rnej (bdenie s Je\u017ei\u0161om v Getsemanskej z\u00e1hrade)<\/li>\n<li>na Ve\u013ek\u00fd piatok je za\u010diatok obradov o 15:00. K obradom si m\u00f4\u017eete prinies\u0165 kr\u00ed\u017ee, ktor\u00e9 bud\u00fa po\u010das obradov po\u017eehnan\u00e9.<\/li>\n<li>na Ve\u013ek\u00fd piatok o 18:00 n\u00e1sledne bude sl\u00e1vnostn\u00e1 kr\u00ed\u017eov\u00e1 cesta<\/li>\n<li>na Ve\u013ek\u00fd piatok po\u010das cel\u00e9ho d\u0148a zachov\u00e1vame pr\u00edsny p\u00f4st<\/li>\n<li>na Bielu sobotu bude v \u010dase 09:00-18:00 poklona pri Bo\u017eom hrobe<\/li>\n<li>na Bielu sobotu si k obradom (za\u010d\u00ednaj\u00fa o 18:30) m\u00f4\u017eete prinies\u0165 sviece<\/li>\n<li>na Ve\u013ekono\u010dn\u00fa nede\u013eu bude o 07:00 posviacka ve\u013ekono\u010dn\u00fdch jed\u00e1l<\/li>\n<li>na Ve\u013ekono\u010dn\u00fa nede\u013eu bud\u00fa o 15:00 sl\u00e1vnostn\u00e9 ve\u0161pery<\/li>\n<li>upratovanie kostola v tomto t\u00fd\u017edni: pod\u013ea <a href=\"http:\/\/www.paludzka.fara.sk\/?p=481\">rozpisu<\/a><\/li>\n<\/ul>\n","protected":false},"excerpt":{"rendered":"<p>Liturgick\u00fd preh\u013ead a program bohoslu\u017eieb na t\u00fd\u017ede\u0148 14.4. &#8211; 21.4. 2019 Oznamy pre farsk\u00fd kostol: d\u00e1tum sv. om\u0161a liturgick\u00fd de\u0148 \u00famysel Nede\u013ea 14.4. 9:30 Kvetn\u00e1 nede\u013ea &#8211; nede\u013ea utrpenia P\u00e1na za farnos\u0165 Pondelok 15.4. 18:00 Pondelok Ve\u013ek\u00e9ho t\u00fd\u017ed\u0148a + Mat\u00fa\u0161 Utorok 16.4. 18:00 Utorok Ve\u013ek\u00e9ho t\u00fd\u017ed\u0148a na \u00famysel Streda 17.4. 7:00 Streda Ve\u013ek\u00e9ho t\u00fd\u017ed\u0148a + [&hellip;]<\/p>\n","protected":false},"author":1,"featured_media":0,"comment_status":"closed","ping_status":"closed","sticky":false,"template":"","format":"standard","meta":{"_links_to":"","_links_to_target":""},"categories":[4,19],"tags":[],"_links":{"self":[{"href":"http:\/\/www.paludzka.fara.sk\/index.php?rest_route=\/wp\/v2\/posts\/1004"}],"collection":[{"href":"http:\/\/www.paludzka.fara.sk\/index.php?rest_route=\/wp\/v2\/posts"}],"about":[{"href":"http:\/\/www.paludzka.fara.sk\/index.php?rest_route=\/wp\/v2\/types\/post"}],"author":[{"embeddable":true,"href":"http:\/\/www.paludzka.fara.sk\/index.php?rest_route=\/wp\/v2\/users\/1"}],"replies":[{"embeddable":true,"href":"http:\/\/www.paludzka.fara.sk\/index.php?rest_route=%2Fwp%2Fv2%2Fcomments&post=1004"}],"version-history":[{"count":4,"href":"http:\/\/www.paludzka.fara.sk\/index.php?rest_route=\/wp\/v2\/posts\/1004\/revisions"}],"predecessor-version":[{"id":1011,"href":"http:\/\/www.paludzka.fara.sk\/index.php?rest_route=\/wp\/v2\/posts\/1004\/revisions\/1011"}],"wp:attachment":[{"href":"http:\/\/www.paludzka.fara.sk\/index.php?rest_route=%2Fwp%2Fv2%2Fmedia&parent=1004"}],"wp:term":[{"taxonomy":"category","embeddable":true,"href":"http:\/\/www.paludzka.fara.sk\/index.php?rest_route=%2Fwp%2Fv2%2Fcategories&post=1004"},{"taxonomy":"post_tag","embeddable":true,"href":"http:\/\/www.paludzka.fara.sk\/index.php?rest_route=%2Fwp%2Fv2%2Ftags&post=1004"}],"curies":[{"name":"wp","href":"https:\/\/api.w.org\/{rel}","templated":true}]}}